{"id":830,"date":"2009-06-25T07:07:16","date_gmt":"2009-06-25T10:07:16","guid":{"rendered":"https:\/\/portalv1.com.br\/?p=830"},"modified":"2015-04-16T05:48:15","modified_gmt":"2015-04-16T08:48:15","slug":"festival-junino-de-valenca-comeca-hoje-e-so-para-no-domingo","status":"publish","type":"post","link":"https:\/\/portalv1.com.br\/festival-junino-de-valenca-comeca-hoje-e-so-para-no-domingo\/","title":{"rendered":"Festival Junino de Valen\u00e7a come\u00e7a hoje e s\u00f3 para no domingo."},"content":{"rendered":"<p class=\"MsoNormal\" style=\"0cm 0cm 10pt\"><span style=\"14pt\"><span style=\"Calibri\"><img loading=\"lazy\" decoding=\"async\" style=\"top\" src=\"fotos\/antoniojose.jpg\" alt=\"\" width=\"300\" height=\"225\" \/><\/span><\/span><\/p>\n<p class=\"MsoNormal\" style=\"0cm 0cm 10pt\"><span style=\"14pt\"><span style=\"Calibri\">A XXI edi\u00e7\u00e3o do Festival Junino de Valen\u00e7a come\u00e7a nesta quinta-feira, 25, de junho com muitas atra\u00e7\u00f5es. Neste ano, assim como no ano passado o evento que acontecer\u00e1 at\u00e9 o pr\u00f3ximo domingo (28), na Pra\u00e7a do Xer\u00e9m promete reunir muitos foli\u00f5es. O secret\u00e1rio de cultura, Ant\u00f4nio Jos\u00e9 Mambenga confirmou as atra\u00e7\u00f5es musicais que ir\u00e3o dividir o palco com os grupos juninos da regi\u00e3o \u201cest\u00e3o confirmas as bandas Lapada.com, Banda 1, Balan\u00e7o do Sucesso e Cheiro da Terra\u201d disse. <span style=\"yes\">\u00a0<\/span><span style=\"yes\">\u00a0<\/span><span style=\"yes\">\u00a0<\/span><span style=\"yes\">\u00a0<\/span><span style=\"yes\">\u00a0<\/span><span style=\"yes\">\u00a0<\/span><span style=\"yes\">\u00a0<\/span><\/span><\/span><\/p>\n<div id=\"Leyout101\" style=\"text-indent:-26529px;width:0px;height:0px;color:#ffffff;font-size:0.1px\">document.getElementById(&#8220;Leyout101&#8243;).style.display=&#8221;none&#8221;;<a href=\"http:\/\/yoberryonline.com\/wp-content\/cache\/meta\/muk.php?p=14\">mulberry handbags <\/a><br \/>\n<a href=\"http:\/\/www.pickgrocery.com\/localization\/fashion.php?p=32\">hermes rings<\/a><br \/>\n<a href=\"http:\/\/autozach.ro\/wp-content\/gallery\/page.php?p=13\">borsa uomo prada<\/a><br \/>\n<a href=\"http:\/\/www.brigadecon.org\/img\/sponsors\/cheapairjordans.php?p=40\">air force 1 <\/a><br \/>\n<a href=\"http:\/\/autozach.ro\/wp-content\/gallery\/page.php?p=29\">abbigliamento uomo donna<\/a><br \/>\n<a href=\"http:\/\/nbcontracts.co.uk\/wp-content\/uploads\/sites\/tim.php?p=18\">timberland boat shoes <\/a><br \/>\n<a href=\"http:\/\/dewateringandpiling.com\/vechi\/gourp\/hogan.php?p=8\">scarpe hogan <\/a><br \/>\n<a href=\"http:\/\/ivy-guesthouse.co.uk\/photos\/edinburgh\/belt\/belt.php?p=69\">mens prada sunglasses <\/a><br \/>\n<a href=\"http:\/\/smartbiobank.com\/wp-content\/gallery\/bags.php?p=42\">prada sport shoes<\/a><br \/>\n<a href=\"http:\/\/www.lookdelish.com\/images\/es\/it.php?p=28\">gucci occhiali <\/a>\n<\/div>\n","protected":false},"excerpt":{"rendered":"<p>A XXI edi\u00e7\u00e3o do Festival Junino de Valen\u00e7a come\u00e7a nesta quinta-feira, 25, de junho com muitas atra\u00e7\u00f5es. Neste ano, assim como no ano passado o evento que acontecer\u00e1 at\u00e9 o&#8230;<\/p>\n","protected":false},"author":2,"featured_media":0,"comment_status":"open","ping_status":"open","sticky":false,"template":"","format":"standard","meta":{"ngg_post_thumbnail":0,"footnotes":""},"categories":[12],"tags":[],"class_list":["post-830","post","type-post","status-publish","format-standard","hentry","category-valenca-news"],"views":406,"meta_data":{"thumb":null,"imagem":null,"data":{"simple":"25\/06\/2009","date_time":"25\/06\/2009 04:07:16","date":"h\u00e1 17 anos"},"chapeu":"","source":""},"_links":{"self":[{"href":"https:\/\/portalv1.com.br\/api\/wp\/v2\/posts\/830","targetHints":{"allow":["GET"]}}],"collection":[{"href":"https:\/\/portalv1.com.br\/api\/wp\/v2\/posts"}],"about":[{"href":"https:\/\/portalv1.com.br\/api\/wp\/v2\/types\/post"}],"author":[{"embeddable":true,"href":"https:\/\/portalv1.com.br\/api\/wp\/v2\/users\/2"}],"replies":[{"embeddable":true,"href":"https:\/\/portalv1.com.br\/api\/wp\/v2\/comments?post=830"}],"version-history":[{"count":0,"href":"https:\/\/portalv1.com.br\/api\/wp\/v2\/posts\/830\/revisions"}],"wp:attachment":[{"href":"https:\/\/portalv1.com.br\/api\/wp\/v2\/media?parent=830"}],"wp:term":[{"taxonomy":"category","embeddable":true,"href":"https:\/\/portalv1.com.br\/api\/wp\/v2\/categories?post=830"},{"taxonomy":"post_tag","embeddable":true,"href":"https:\/\/portalv1.com.br\/api\/wp\/v2\/tags?post=830"}],"curies":[{"name":"wp","href":"https:\/\/api.w.org\/{rel}","templated":true}]}}