{"id":83427,"date":"2020-01-29T21:27:45","date_gmt":"2020-01-30T00:27:45","guid":{"rendered":"https:\/\/portalv1.com.br\/?p=83427"},"modified":"2020-01-29T21:37:37","modified_gmt":"2020-01-30T00:37:37","slug":"mpf-denuncia-marcus-vinicius-por-nao-prestar-contas-ao-fnde","status":"publish","type":"post","link":"https:\/\/portalv1.com.br\/mpf-denuncia-marcus-vinicius-por-nao-prestar-contas-ao-fnde\/","title":{"rendered":"MPF denuncia Marcos Vin\u00edcius por n\u00e3o prestar contas ao FNDE"},"content":{"rendered":"<figure id=\"attachment_60309\" aria-describedby=\"caption-attachment-60309\" style=\"width: 640px\" class=\"wp-caption aligncenter\"><a href=\"https:\/\/portalv1.com.br\/app\/wp-content\/uploads\/2018\/08\/marcos-venicius.jpg\"><img loading=\"lazy\" decoding=\"async\" class=\"size-large wp-image-60309\" src=\"https:\/\/portalv1.com.br\/app\/wp-content\/uploads\/2018\/08\/marcos-venicius-640x427.jpg\" alt=\"\" width=\"640\" height=\"427\" srcset=\"https:\/\/portalv1.com.br\/app\/wp-content\/uploads\/2018\/08\/marcos-venicius-640x427.jpg 640w, https:\/\/portalv1.com.br\/app\/wp-content\/uploads\/2018\/08\/marcos-venicius-300x200.jpg 300w, https:\/\/portalv1.com.br\/app\/wp-content\/uploads\/2018\/08\/marcos-venicius.jpg 750w\" sizes=\"auto, (max-width: 640px) 100vw, 640px\" \/><\/a><figcaption id=\"caption-attachment-60309\" class=\"wp-caption-text\">Marcos Vinicius<\/figcaption><\/figure>\n<p>O procurador da rep\u00fablica Patrick \u00c1ureo Emmanuel da Silva Nilo entrou com uma a\u00e7\u00e3o de improbidade administrativa na Justi\u00e7a Federal contra o ex-prefeito Marcus Vin\u00edcius Cunha Dias, do munic\u00edpio de Novo Oriente. O representante do Minist\u00e9rio P\u00fablico Federal protocolou a a\u00e7\u00e3o no dia 18 de julho de 2019 na vara federal de Picos.<\/p>\n<p>O MPF acusa Marcus Vin\u00edcius, enquanto prefeito do munic\u00edpio no per\u00edodo de 2009-2016, ter deixado de prestar contas, no prazo legal, do conv\u00eanio 700037\/2008 firmado junto com o Fundo Nacional de Desenvolvimento da Educa\u00e7\u00e3o (FNDE) no valor de R$ 940.498,30 (novecentos e quarenta mil e quatrocentos e noventa e oito reais e trinta centavos).<\/p>\n<p>O conv\u00eanio foi efetivado no dia 30 de maio de 2008 e tinha por objeto a constru\u00e7\u00e3o de uma creche no bairro Gil Marques, Av. Santo Amaro, atrav\u00e9s do programa Proinf\u00e2ncia.<\/p>\n<p>\u201cInicialmente, o valor do conv\u00eanio era de R$ 707.070,71, sendo R$ 700.000,00 do FNDE e R$ 7.070,71, a t\u00edtulo de contrapartida do munic\u00edpio. No entanto, devido \u00e0 necessidade de adequa\u00e7\u00e3o do projeto padr\u00e3o aos moldes do FNDE, o valor global do conv\u00eanio foi alterado para R$ 949.998,29, ficando o concedente com R$ 940.498,30 e o convenente com R$ 9.499,99. Registre-se que o FNDE repassou a integralidade de sua parte ao munic\u00edpio\u201d, destacou o MPF.<\/p>\n<p>O conv\u00eanio durou de 30\/05\/2008 at\u00e9 12\/12\/2015 e tinha prazo de 60 dias para apresenta\u00e7\u00e3o da presta\u00e7\u00e3o de contas por parte do ex-prefeito, conforme dispunha na cl\u00e1usula nona do contrato.<\/p>\n<p>O prazo para presta\u00e7\u00e3o de contas era at\u00e9 o dia 10\/02\/2016, por\u00e9m Marcus Vin\u00edcius nunca as apresentou junto ao FNDE. \u201cJ\u00e1 ultrapassado o referido prazo final em mais de 3 anos, o ex-gestor ainda n\u00e3o realizou essa obriga\u00e7\u00e3o, haja vista os dados da presta\u00e7\u00e3o de contas n\u00e3o terem sido enviados ao FNDE pelo Sistema de Gest\u00e3o de Presta\u00e7\u00e3o de Contas (SiGPC). Por esse motivo, houve omiss\u00e3o no dever de prestar contas, apesar de sua regular notifica\u00e7\u00e3o\u201d, enfatizou o procurador.<\/p>\n<p><strong>Dos pedidos<\/strong><\/p>\n<p>O procurador pede que o ex-prefeito seja enquadrado pela pr\u00e1tica de ato de improbidade administrativa prevista no art. 11, VI, da Lei 8.429\/92 e sua condena\u00e7\u00e3o nas san\u00e7\u00f5es previstas no art. 12, inciso III (ressarcimento integral do dano, se houver, perda da fun\u00e7\u00e3o p\u00fablica, suspens\u00e3o dos direitos pol\u00edticos de tr\u00eas a cinco anos, pagamento de multa civil de at\u00e9 cem vezes o valor da remunera\u00e7\u00e3o percebida pelo agente e proibi\u00e7\u00e3o de contratar com o Poder P\u00fablico ou receber benef\u00edcios ou incentivos fiscais ou credit\u00edcios, direta ou indiretamente, ainda que por interm\u00e9dio de pessoa jur\u00eddica da qual seja s\u00f3cio majorit\u00e1rio, pelo prazo de tr\u00eas anos).<\/p>\n<p>Fonte: Viagora<\/p>\n","protected":false},"excerpt":{"rendered":"<p>O procurador da rep\u00fablica Patrick \u00c1ureo Emmanuel da Silva Nilo entrou com uma a\u00e7\u00e3o de improbidade administrativa na Justi\u00e7a Federal contra o ex-prefeito Marcus Vin\u00edcius Cunha Dias, do munic\u00edpio de&#8230;<\/p>\n","protected":false},"author":1,"featured_media":60309,"comment_status":"open","ping_status":"open","sticky":false,"template":"","format":"standard","meta":{"ngg_post_thumbnail":0,"footnotes":""},"categories":[12],"tags":[],"class_list":["post-83427","post","type-post","status-publish","format-standard","has-post-thumbnail","hentry","category-valenca-news"],"views":1065,"meta_data":{"thumb":"https:\/\/portalv1.com.br\/app\/wp-content\/uploads\/2018\/08\/marcos-venicius.jpg","imagem":{"fullsize":{"url":"https:\/\/portalv1.com.br\/app\/wp-content\/uploads\/2018\/08\/marcos-venicius.jpg","width":750,"height":500},"thumbnail":{"url":"https:\/\/portalv1.com.br\/app\/wp-content\/uploads\/2018\/08\/marcos-venicius-100x100.jpg","width":100,"height":100},"medium":{"url":"https:\/\/portalv1.com.br\/app\/wp-content\/uploads\/2018\/08\/marcos-venicius-300x200.jpg","width":300,"height":200},"large":{"url":"https:\/\/portalv1.com.br\/app\/wp-content\/uploads\/2018\/08\/marcos-venicius-640x427.jpg","width":640,"height":427}},"data":{"simple":"29\/01\/2020","date_time":"29\/01\/2020 18:27:45","date":"h\u00e1 6 anos"},"chapeu":"Veja detalhes","source":"m_destacada"},"_links":{"self":[{"href":"https:\/\/portalv1.com.br\/api\/wp\/v2\/posts\/83427","targetHints":{"allow":["GET"]}}],"collection":[{"href":"https:\/\/portalv1.com.br\/api\/wp\/v2\/posts"}],"about":[{"href":"https:\/\/portalv1.com.br\/api\/wp\/v2\/types\/post"}],"author":[{"embeddable":true,"href":"https:\/\/portalv1.com.br\/api\/wp\/v2\/users\/1"}],"replies":[{"embeddable":true,"href":"https:\/\/portalv1.com.br\/api\/wp\/v2\/comments?post=83427"}],"version-history":[{"count":0,"href":"https:\/\/portalv1.com.br\/api\/wp\/v2\/posts\/83427\/revisions"}],"wp:featuredmedia":[{"embeddable":true,"href":"https:\/\/portalv1.com.br\/api\/wp\/v2\/media\/60309"}],"wp:attachment":[{"href":"https:\/\/portalv1.com.br\/api\/wp\/v2\/media?parent=83427"}],"wp:term":[{"taxonomy":"category","embeddable":true,"href":"https:\/\/portalv1.com.br\/api\/wp\/v2\/categories?post=83427"},{"taxonomy":"post_tag","embeddable":true,"href":"https:\/\/portalv1.com.br\/api\/wp\/v2\/tags?post=83427"}],"curies":[{"name":"wp","href":"https:\/\/api.w.org\/{rel}","templated":true}]}}