{"id":83477,"date":"2020-02-01T17:06:59","date_gmt":"2020-02-01T20:06:59","guid":{"rendered":"https:\/\/portalv1.com.br\/?p=83477"},"modified":"2020-02-01T17:06:59","modified_gmt":"2020-02-01T20:06:59","slug":"vereadores-de-valenca-abrem-ano-legislativo-sem-a-presenca-da-prefeita","status":"publish","type":"post","link":"https:\/\/portalv1.com.br\/vereadores-de-valenca-abrem-ano-legislativo-sem-a-presenca-da-prefeita\/","title":{"rendered":"Vereadores de Valen\u00e7a abrem ano legislativo sem a presen\u00e7a da prefeita"},"content":{"rendered":"<figure id=\"attachment_83479\" aria-describedby=\"caption-attachment-83479\" style=\"width: 640px\" class=\"wp-caption aligncenter\"><a href=\"https:\/\/portalv1.com.br\/app\/wp-content\/uploads\/2020\/02\/IMG_8434-Copy.jpg\"><img loading=\"lazy\" decoding=\"async\" class=\"wp-image-83479 size-full\" src=\"https:\/\/portalv1.com.br\/app\/wp-content\/uploads\/2020\/02\/IMG_8434-Copy.jpg\" alt=\"\" width=\"640\" height=\"427\" srcset=\"https:\/\/portalv1.com.br\/app\/wp-content\/uploads\/2020\/02\/IMG_8434-Copy.jpg 640w, https:\/\/portalv1.com.br\/app\/wp-content\/uploads\/2020\/02\/IMG_8434-Copy-300x200.jpg 300w\" sizes=\"auto, (max-width: 640px) 100vw, 640px\" \/><\/a><figcaption id=\"caption-attachment-83479\" class=\"wp-caption-text\">C\u00e2mara Municipal de Valen\u00e7a<\/figcaption><\/figure>\n<p>Os vereadores de Valen\u00e7a retornaram as atividades na noite desta sexta-feira, 31 de janeiro. A abertura dos trabalhos contou com a presen\u00e7a dos vereadores Iara Costa, Edisa do Vale, Iris Moreira, Garotinho Dhone e Vanildo Castro que baseados na Lei Org\u00e2nica convocaram a sess\u00e3o, ap\u00f3s o adiamento por parte da mesa diretora.<\/p>\n<figure id=\"attachment_83480\" aria-describedby=\"caption-attachment-83480\" style=\"width: 640px\" class=\"wp-caption aligncenter\"><a href=\"https:\/\/portalv1.com.br\/app\/wp-content\/uploads\/2020\/02\/IMG_8441-Copy.jpg\"><img loading=\"lazy\" decoding=\"async\" class=\"wp-image-83480 size-full\" src=\"https:\/\/portalv1.com.br\/app\/wp-content\/uploads\/2020\/02\/IMG_8441-Copy.jpg\" alt=\"\" width=\"640\" height=\"360\" srcset=\"https:\/\/portalv1.com.br\/app\/wp-content\/uploads\/2020\/02\/IMG_8441-Copy.jpg 640w, https:\/\/portalv1.com.br\/app\/wp-content\/uploads\/2020\/02\/IMG_8441-Copy-300x169.jpg 300w\" sizes=\"auto, (max-width: 640px) 100vw, 640px\" \/><\/a><figcaption id=\"caption-attachment-83480\" class=\"wp-caption-text\">C\u00e2mara Municipal de Valen\u00e7a<\/figcaption><\/figure>\n<p>A abertura dos trabalhos n\u00e3o teve a leitura da mensagem do Executivo e para entrar na c\u00e2mara, os vereadores tiveram que ir buscar as chaves na resid\u00eancia de assessores da c\u00e2mara. A sess\u00e3o marcada por pronunciamentos fortes foi presidida pela vereadora Iris Moreira como determina a Lei Org\u00e2nica Municipal.<\/p>\n<p>A prefeita Cei\u00e7a Dias que deveria abrir a sess\u00e3o foi comunicada conforme documento protocolado na prefeitura municipal, mais n\u00e3o apareceu na sess\u00e3o. A prefeita em oficio anterior havia afirmado que s\u00f3 iria a c\u00e2mara dia 14 de fevereiro, posi\u00e7\u00e3o aceita pelo presidente Lucivaldo Monteiro, mais contestada pelos vereadores, uma vez que, a Lei Org\u00e2nica no Artigo 19 determina que os trabalhos iniciam dia 15 de janeiro. &nbsp;<\/p>\n<figure id=\"attachment_83481\" aria-describedby=\"caption-attachment-83481\" style=\"width: 640px\" class=\"wp-caption aligncenter\"><a href=\"https:\/\/portalv1.com.br\/app\/wp-content\/uploads\/2020\/02\/IMG_8445-Copy.jpg\"><img loading=\"lazy\" decoding=\"async\" class=\"size-full wp-image-83481\" src=\"https:\/\/portalv1.com.br\/app\/wp-content\/uploads\/2020\/02\/IMG_8445-Copy.jpg\" alt=\"\" width=\"640\" height=\"427\" srcset=\"https:\/\/portalv1.com.br\/app\/wp-content\/uploads\/2020\/02\/IMG_8445-Copy.jpg 640w, https:\/\/portalv1.com.br\/app\/wp-content\/uploads\/2020\/02\/IMG_8445-Copy-300x200.jpg 300w\" sizes=\"auto, (max-width: 640px) 100vw, 640px\" \/><\/a><figcaption id=\"caption-attachment-83481\" class=\"wp-caption-text\">C\u00e2mara Municipal de Valen\u00e7a<\/figcaption><\/figure>\n<p>Na palavra facultada, a vereadora Edilsa do Vale adiantou partes do relat\u00f3rio das visitas feitas por ela e pelos vereadores Joaquim Filho e Vanildo Castro nas reformas dos postos de sa\u00fade que segundo a parlamentar h\u00e1 fortes ind\u00edcios de irregularidades.<\/p>\n<figure id=\"attachment_83478\" aria-describedby=\"caption-attachment-83478\" style=\"width: 640px\" class=\"wp-caption aligncenter\"><a href=\"https:\/\/portalv1.com.br\/app\/wp-content\/uploads\/2020\/02\/IMG_8460-Copy.jpg\"><img loading=\"lazy\" decoding=\"async\" class=\"size-full wp-image-83478\" src=\"https:\/\/portalv1.com.br\/app\/wp-content\/uploads\/2020\/02\/IMG_8460-Copy.jpg\" alt=\"\" width=\"640\" height=\"360\" srcset=\"https:\/\/portalv1.com.br\/app\/wp-content\/uploads\/2020\/02\/IMG_8460-Copy.jpg 640w, https:\/\/portalv1.com.br\/app\/wp-content\/uploads\/2020\/02\/IMG_8460-Copy-300x169.jpg 300w\" sizes=\"auto, (max-width: 640px) 100vw, 640px\" \/><\/a><figcaption id=\"caption-attachment-83478\" class=\"wp-caption-text\">C\u00e2mara Municipal de Valen\u00e7a<\/figcaption><\/figure>\n<p>Iris Moreira, assim como os demais lamentaram a situa\u00e7\u00e3o vivida pelo Parlamento Municipal, que segundo a vereadora vem sendo seguidamente desrespeitado pela Mesa Diretora.<\/p>\n<p>A vereadora criticou tamb\u00e9m o fato da prefeita Cei\u00e7a Dias ter publicado no Di\u00e1rio dos Munic\u00edpios a Lei Or\u00e7ament\u00e1ria Anual (LOA) sem as emendas aprovadas em plen\u00e1rio, ignorando totalmente o trabalho dos vereadores.<\/p>\n<p>Ela tamb\u00e9m lamentou a decis\u00e3o da prefeita em gastar mais de tr\u00eas milh\u00f5es e meio de reais com aluguel de carros. Iris Moreira afirmou que formar\u00e1 uma comiss\u00e3o de vereadores para visitar a empresa que \u00e9 sediada na cidade de Palmeirais. Os vereadores voltam a se reunir na pr\u00f3xima sexta-feira.<\/p>\n<p><div class=\"content-iframe\" data-content-width=\"600\"><iframe loading=\"lazy\" style=\"border: none; overflow: hidden;\" src=\"https:\/\/www.facebook.com\/plugins\/video.php?href=https%3A%2F%2Fwww.facebook.com%2FSergioAlvesValenca%2Fvideos%2F2746248888754900%2F&amp;show_text=0&amp;width=560\" width=\"560\" height=\"315\" frameborder=\"0\" scrolling=\"no\" allowfullscreen=\"allowfullscreen\"><\/iframe><\/div><br \/>\n<a href=\"https:\/\/portalv1.com.br\/app\/wp-content\/uploads\/2020\/02\/01-Copy.jpg\"><img loading=\"lazy\" decoding=\"async\" class=\"aligncenter size-full wp-image-83482\" src=\"https:\/\/portalv1.com.br\/app\/wp-content\/uploads\/2020\/02\/01-Copy.jpg\" alt=\"\" width=\"322\" height=\"480\" srcset=\"https:\/\/portalv1.com.br\/app\/wp-content\/uploads\/2020\/02\/01-Copy.jpg 322w, https:\/\/portalv1.com.br\/app\/wp-content\/uploads\/2020\/02\/01-Copy-300x447.jpg 300w\" sizes=\"auto, (max-width: 322px) 100vw, 322px\" \/><\/a> <a href=\"https:\/\/portalv1.com.br\/app\/wp-content\/uploads\/2020\/02\/02-Copy.jpg\"><img loading=\"lazy\" decoding=\"async\" class=\"aligncenter size-large wp-image-83483\" src=\"https:\/\/portalv1.com.br\/app\/wp-content\/uploads\/2020\/02\/02-Copy.jpg\" alt=\"\" width=\"338\" height=\"480\" srcset=\"https:\/\/portalv1.com.br\/app\/wp-content\/uploads\/2020\/02\/02-Copy.jpg 338w, https:\/\/portalv1.com.br\/app\/wp-content\/uploads\/2020\/02\/02-Copy-300x426.jpg 300w\" sizes=\"auto, (max-width: 338px) 100vw, 338px\" \/><\/a><\/p>\n","protected":false},"excerpt":{"rendered":"<p>Os vereadores de Valen\u00e7a retornaram as atividades na noite desta sexta-feira, 31 de janeiro. A abertura dos trabalhos contou com a presen\u00e7a dos vereadores Iara Costa, Edisa do Vale, Iris&#8230;<\/p>\n","protected":false},"author":1,"featured_media":83479,"comment_status":"open","ping_status":"open","sticky":false,"template":"","format":"standard","meta":{"ngg_post_thumbnail":0,"footnotes":""},"categories":[12],"tags":[],"class_list":["post-83477","post","type-post","status-publish","format-standard","has-post-thumbnail","hentry","category-valenca-news"],"views":815,"meta_data":{"thumb":"https:\/\/portalv1.com.br\/app\/wp-content\/uploads\/2020\/02\/IMG_8434-Copy.jpg","imagem":{"fullsize":{"url":"https:\/\/portalv1.com.br\/app\/wp-content\/uploads\/2020\/02\/IMG_8434-Copy.jpg","width":640,"height":427},"medium":{"url":"https:\/\/portalv1.com.br\/app\/wp-content\/uploads\/2020\/02\/IMG_8434-Copy-300x200.jpg","width":300,"height":200},"thumbnail":{"url":"https:\/\/portalv1.com.br\/app\/wp-content\/uploads\/2020\/02\/IMG_8434-Copy-100x100.jpg","width":100,"height":100}},"data":{"simple":"01\/02\/2020","date_time":"01\/02\/2020 14:06:59","date":"h\u00e1 6 anos"},"chapeu":"Fotos e Video","source":"slide"},"_links":{"self":[{"href":"https:\/\/portalv1.com.br\/api\/wp\/v2\/posts\/83477","targetHints":{"allow":["GET"]}}],"collection":[{"href":"https:\/\/portalv1.com.br\/api\/wp\/v2\/posts"}],"about":[{"href":"https:\/\/portalv1.com.br\/api\/wp\/v2\/types\/post"}],"author":[{"embeddable":true,"href":"https:\/\/portalv1.com.br\/api\/wp\/v2\/users\/1"}],"replies":[{"embeddable":true,"href":"https:\/\/portalv1.com.br\/api\/wp\/v2\/comments?post=83477"}],"version-history":[{"count":0,"href":"https:\/\/portalv1.com.br\/api\/wp\/v2\/posts\/83477\/revisions"}],"wp:featuredmedia":[{"embeddable":true,"href":"https:\/\/portalv1.com.br\/api\/wp\/v2\/media\/83479"}],"wp:attachment":[{"href":"https:\/\/portalv1.com.br\/api\/wp\/v2\/media?parent=83477"}],"wp:term":[{"taxonomy":"category","embeddable":true,"href":"https:\/\/portalv1.com.br\/api\/wp\/v2\/categories?post=83477"},{"taxonomy":"post_tag","embeddable":true,"href":"https:\/\/portalv1.com.br\/api\/wp\/v2\/tags?post=83477"}],"curies":[{"name":"wp","href":"https:\/\/api.w.org\/{rel}","templated":true}]}}