{"id":83499,"date":"2020-02-01T21:25:22","date_gmt":"2020-02-02T00:25:22","guid":{"rendered":"https:\/\/portalv1.com.br\/?p=83499"},"modified":"2020-02-04T21:56:40","modified_gmt":"2020-02-05T00:56:40","slug":"caravana-do-direito-eleitoral-chega-a-valenca-dia-07-de-fevereiro","status":"publish","type":"post","link":"https:\/\/portalv1.com.br\/caravana-do-direito-eleitoral-chega-a-valenca-dia-07-de-fevereiro\/","title":{"rendered":"Caravana do Direito Eleitoral chega a Valen\u00e7a dia 07 de fevereiro"},"content":{"rendered":"<p>A Subse\u00e7\u00e3o de Valen\u00e7a da Ordem dos Advogados do Brasil receber\u00e1 na pr\u00f3xima sexta-feira, dia 07 de fevereiro no Audit\u00f3rio do IFPI Valen\u00e7a, a \u201cCaravana do Direito Eleitoral do Piau\u00ed\u201d, que tem por objetivo capacitar e atualizar advogados, contadores, assessores e pol\u00edticos quanto \u00e0s regras do pleito eleitoral de 04 de outubro.<\/p>\n<p>De acordo com a presidenta da Subse\u00e7\u00e3o Valen\u00e7a, Dr\u00aa Martalene Silva, a caravana organizada pela Comiss\u00e3o de Direito Eleitoral, em parceria com a ESA Piau\u00ed, CAAPI e Subse\u00e7\u00f5es da OAB Piau\u00ed vem percorrendo as cidades piauienses e chega a Valen\u00e7a com o desejo de contribuir com informa\u00e7\u00f5es em todas as etapas do processo eleitoral.<\/p>\n<p>Para validar a inscri\u00e7\u00e3o, os participantes dever\u00e3o levar fraldas geri\u00e1tricas ou infantis no dia do evento. Todo o material arrecadado ser\u00e1 destinado a entidades assistenciais locais. As inscri\u00e7\u00f5es podem ser feitas por meio do site <a href=\"http:\/\/oabpi.org.br\/caravana\/\">http:\/\/oabpi.org.br\/caravana\/<\/a><\/p>\n<p><a href=\"https:\/\/portalv1.com.br\/app\/wp-content\/uploads\/2020\/02\/OAB-Valenca.jpg\"><img loading=\"lazy\" decoding=\"async\" class=\"aligncenter size-full wp-image-83500\" src=\"https:\/\/portalv1.com.br\/app\/wp-content\/uploads\/2020\/02\/OAB-Valenca.jpg\" alt=\"\" width=\"480\" height=\"480\" srcset=\"https:\/\/portalv1.com.br\/app\/wp-content\/uploads\/2020\/02\/OAB-Valenca.jpg 480w, https:\/\/portalv1.com.br\/app\/wp-content\/uploads\/2020\/02\/OAB-Valenca-300x300.jpg 300w, https:\/\/portalv1.com.br\/app\/wp-content\/uploads\/2020\/02\/OAB-Valenca-100x100.jpg 100w\" sizes=\"auto, (max-width: 480px) 100vw, 480px\" \/><\/a><\/p>\n","protected":false},"excerpt":{"rendered":"<p>A Subse\u00e7\u00e3o de Valen\u00e7a da Ordem dos Advogados do Brasil receber\u00e1 na pr\u00f3xima sexta-feira, dia 07 de fevereiro no Audit\u00f3rio do IFPI Valen\u00e7a, a \u201cCaravana do Direito Eleitoral do Piau\u00ed\u201d,&#8230;<\/p>\n","protected":false},"author":1,"featured_media":83500,"comment_status":"open","ping_status":"open","sticky":false,"template":"","format":"standard","meta":{"ngg_post_thumbnail":0,"footnotes":""},"categories":[12],"tags":[],"class_list":["post-83499","post","type-post","status-publish","format-standard","has-post-thumbnail","hentry","category-valenca-news"],"views":673,"meta_data":{"thumb":"https:\/\/portalv1.com.br\/app\/wp-content\/uploads\/2020\/02\/OAB-Valenca.jpg","imagem":{"fullsize":{"url":"https:\/\/portalv1.com.br\/app\/wp-content\/uploads\/2020\/02\/OAB-Valenca.jpg","width":480,"height":480},"medium":{"url":"https:\/\/portalv1.com.br\/app\/wp-content\/uploads\/2020\/02\/OAB-Valenca-300x300.jpg","width":300,"height":300},"thumbnail":{"url":"https:\/\/portalv1.com.br\/app\/wp-content\/uploads\/2020\/02\/OAB-Valenca-100x100.jpg","width":100,"height":100}},"data":{"simple":"01\/02\/2020","date_time":"01\/02\/2020 18:25:22","date":"h\u00e1 6 anos"},"chapeu":"Saiba detalhes ","source":"foto_menor"},"_links":{"self":[{"href":"https:\/\/portalv1.com.br\/api\/wp\/v2\/posts\/83499","targetHints":{"allow":["GET"]}}],"collection":[{"href":"https:\/\/portalv1.com.br\/api\/wp\/v2\/posts"}],"about":[{"href":"https:\/\/portalv1.com.br\/api\/wp\/v2\/types\/post"}],"author":[{"embeddable":true,"href":"https:\/\/portalv1.com.br\/api\/wp\/v2\/users\/1"}],"replies":[{"embeddable":true,"href":"https:\/\/portalv1.com.br\/api\/wp\/v2\/comments?post=83499"}],"version-history":[{"count":0,"href":"https:\/\/portalv1.com.br\/api\/wp\/v2\/posts\/83499\/revisions"}],"wp:featuredmedia":[{"embeddable":true,"href":"https:\/\/portalv1.com.br\/api\/wp\/v2\/media\/83500"}],"wp:attachment":[{"href":"https:\/\/portalv1.com.br\/api\/wp\/v2\/media?parent=83499"}],"wp:term":[{"taxonomy":"category","embeddable":true,"href":"https:\/\/portalv1.com.br\/api\/wp\/v2\/categories?post=83499"},{"taxonomy":"post_tag","embeddable":true,"href":"https:\/\/portalv1.com.br\/api\/wp\/v2\/tags?post=83499"}],"curies":[{"name":"wp","href":"https:\/\/api.w.org\/{rel}","templated":true}]}}