{"id":83543,"date":"2020-02-04T12:14:42","date_gmt":"2020-02-04T15:14:42","guid":{"rendered":"https:\/\/portalv1.com.br\/?p=83543"},"modified":"2020-02-04T12:14:42","modified_gmt":"2020-02-04T15:14:42","slug":"pm-apreende-arma-e-municao-calibre-50-em-valenca","status":"publish","type":"post","link":"https:\/\/portalv1.com.br\/pm-apreende-arma-e-municao-calibre-50-em-valenca\/","title":{"rendered":"PM apreende arma e muni\u00e7\u00e3o calibre 50 em Valen\u00e7a"},"content":{"rendered":"<figure id=\"attachment_83545\" aria-describedby=\"caption-attachment-83545\" style=\"width: 640px\" class=\"wp-caption aligncenter\"><a href=\"https:\/\/portalv1.com.br\/app\/wp-content\/uploads\/2020\/02\/Portal-v1.jpg\"><img loading=\"lazy\" decoding=\"async\" class=\"wp-image-83545 size-full\" src=\"https:\/\/portalv1.com.br\/app\/wp-content\/uploads\/2020\/02\/Portal-v1.jpg\" alt=\"\" width=\"640\" height=\"360\" srcset=\"https:\/\/portalv1.com.br\/app\/wp-content\/uploads\/2020\/02\/Portal-v1.jpg 640w, https:\/\/portalv1.com.br\/app\/wp-content\/uploads\/2020\/02\/Portal-v1-300x169.jpg 300w\" sizes=\"auto, (max-width: 640px) 100vw, 640px\" \/><\/a><figcaption id=\"caption-attachment-83545\" class=\"wp-caption-text\">Policia Militar<\/figcaption><\/figure>\n<p>Na noite desta segunda-feira (03), equipes da Pol\u00edcia Militar em Valen\u00e7a realizaram a pris\u00e3o de um homem na zona urbana da cidade, ap\u00f3s serem acionados por uma mulher que era v\u00edtima de amea\u00e7a.<\/p>\n<p>Inconformado com o fim do relacionamento, o suspeito amea\u00e7ava a v\u00edtima e a partir das informa\u00e7\u00f5es levantadas, a PM foi at\u00e9 o local e gerenciou a crise.<\/p>\n<p>As equipes do policiamento ordin\u00e1rio e For\u00e7a T\u00e1tica apreenderam na resid\u00eancia um rev\u00f3lver calibre 32 municiado e v\u00e1rios proj\u00e9teis dos calibres 22, 32, 36, .40, 44 e um proj\u00e9til de muni\u00e7\u00e3o calibre.50.<\/p>\n<p>Diante dos fatos, o suspeito foi conduzido juntamente com todo o material para a delegacia regional de Valen\u00e7a para autua\u00e7\u00e3o por crimes previstos na Lei Maria da Penha e Estatuto do Desarmamento.<\/p>\n","protected":false},"excerpt":{"rendered":"<p>Na noite desta segunda-feira (03), equipes da Pol\u00edcia Militar em Valen\u00e7a realizaram a pris\u00e3o de um homem na zona urbana da cidade, ap\u00f3s serem acionados por uma mulher que era&#8230;<\/p>\n","protected":false},"author":1,"featured_media":83545,"comment_status":"open","ping_status":"open","sticky":false,"template":"","format":"standard","meta":{"ngg_post_thumbnail":0,"footnotes":""},"categories":[12],"tags":[],"class_list":["post-83543","post","type-post","status-publish","format-standard","has-post-thumbnail","hentry","category-valenca-news"],"views":6915,"meta_data":{"thumb":"https:\/\/portalv1.com.br\/app\/wp-content\/uploads\/2020\/02\/Portal-v1.jpg","imagem":{"fullsize":{"url":"https:\/\/portalv1.com.br\/app\/wp-content\/uploads\/2020\/02\/Portal-v1.jpg","width":640,"height":360},"medium":{"url":"https:\/\/portalv1.com.br\/app\/wp-content\/uploads\/2020\/02\/Portal-v1-300x169.jpg","width":300,"height":169},"thumbnail":{"url":"https:\/\/portalv1.com.br\/app\/wp-content\/uploads\/2020\/02\/Portal-v1-100x100.jpg","width":100,"height":100}},"data":{"simple":"04\/02\/2020","date_time":"04\/02\/2020 09:14:42","date":"h\u00e1 6 anos"},"chapeu":"Veja detalhes","source":"slide"},"_links":{"self":[{"href":"https:\/\/portalv1.com.br\/api\/wp\/v2\/posts\/83543","targetHints":{"allow":["GET"]}}],"collection":[{"href":"https:\/\/portalv1.com.br\/api\/wp\/v2\/posts"}],"about":[{"href":"https:\/\/portalv1.com.br\/api\/wp\/v2\/types\/post"}],"author":[{"embeddable":true,"href":"https:\/\/portalv1.com.br\/api\/wp\/v2\/users\/1"}],"replies":[{"embeddable":true,"href":"https:\/\/portalv1.com.br\/api\/wp\/v2\/comments?post=83543"}],"version-history":[{"count":0,"href":"https:\/\/portalv1.com.br\/api\/wp\/v2\/posts\/83543\/revisions"}],"wp:featuredmedia":[{"embeddable":true,"href":"https:\/\/portalv1.com.br\/api\/wp\/v2\/media\/83545"}],"wp:attachment":[{"href":"https:\/\/portalv1.com.br\/api\/wp\/v2\/media?parent=83543"}],"wp:term":[{"taxonomy":"category","embeddable":true,"href":"https:\/\/portalv1.com.br\/api\/wp\/v2\/categories?post=83543"},{"taxonomy":"post_tag","embeddable":true,"href":"https:\/\/portalv1.com.br\/api\/wp\/v2\/tags?post=83543"}],"curies":[{"name":"wp","href":"https:\/\/api.w.org\/{rel}","templated":true}]}}