{"id":83550,"date":"2020-02-05T14:17:55","date_gmt":"2020-02-05T17:17:55","guid":{"rendered":"https:\/\/portalv1.com.br\/?p=83550"},"modified":"2020-02-05T14:21:46","modified_gmt":"2020-02-05T17:21:46","slug":"juiz-nega-pedido-dos-vereadores-lucivaldo-e-leilivan-e-rubens-pode-voltar-a-presidencia","status":"publish","type":"post","link":"https:\/\/portalv1.com.br\/juiz-nega-pedido-dos-vereadores-lucivaldo-e-leilivan-e-rubens-pode-voltar-a-presidencia\/","title":{"rendered":"Juiz nega pedido dos vereadores Lucivaldo e Leilivan e Rubens pode voltar a presid\u00eancia"},"content":{"rendered":"<figure id=\"attachment_79983\" aria-describedby=\"caption-attachment-79983\" style=\"width: 640px\" class=\"wp-caption aligncenter\"><a href=\"https:\/\/portalv1.com.br\/app\/wp-content\/uploads\/2019\/11\/Dr-Jucelino-01.jpg\"><img loading=\"lazy\" decoding=\"async\" class=\"size-large wp-image-79983\" src=\"https:\/\/portalv1.com.br\/app\/wp-content\/uploads\/2019\/11\/Dr-Jucelino-01-640x348.jpg\" alt=\"\" width=\"640\" height=\"348\" srcset=\"https:\/\/portalv1.com.br\/app\/wp-content\/uploads\/2019\/11\/Dr-Jucelino-01-640x348.jpg 640w, https:\/\/portalv1.com.br\/app\/wp-content\/uploads\/2019\/11\/Dr-Jucelino-01-300x163.jpg 300w, https:\/\/portalv1.com.br\/app\/wp-content\/uploads\/2019\/11\/Dr-Jucelino-01.jpg 719w\" sizes=\"auto, (max-width: 640px) 100vw, 640px\" \/><\/a><figcaption id=\"caption-attachment-79983\" class=\"wp-caption-text\">Dr. Juscelino Norberto<\/figcaption><\/figure>\n<p>O juiz da Comarca de Valen\u00e7a, Dr. Juscelino Norberto, julgou improcedente o pedido dos vereadores Lucivaldo Monteiro e Leilivan Martins, que pediam a nulidade da Sess\u00e3o Legislativa realizada dia 08 de outubro de 2019, que destituiu os dois vereadores dos cargos de vice-presidente e 1\u00ba secret\u00e1rio, respectivamente.<\/p>\n<p>No mesmo dia, aconteceu a elei\u00e7\u00e3o para a forma\u00e7\u00e3o da nova Mesa Diretora da C\u00e2mara de Vereadores que ap\u00f3s delibera\u00e7\u00e3o em plen\u00e1rio nove dos onze vereadores elegeram os vereadores: Rubens Alencar (presidente), Vanildo Castro (vice-presidente), Joaquim Filho (1\u00ba secret\u00e1rio) e Geane Viera como segunda secret\u00e1ria.<\/p>\n<p>Na \u00e9poca os dois vereadores Lucivaldo Monteiro e Leilivan Martins conseguiram uma liminar bastante contestada que os mantinha na Mesa Diretora e os promoviam aos cargos de presidente e vice-presidente, respectivamente.<\/p>\n<p>Com a decis\u00e3o dessa ter\u00e7a-feira (04), a expectativa \u00e9 que a Mesa Diretora eleita em outubro, que tem o vereador Rubens Alencar como presidente, volte ao comando da C\u00e2mara porque em tese as liminares concedidas aos vereadores Lucivaldo Monteiro e Leilivan Martins com o julgamento perdem o objeto.<\/p>\n<p>Em sua decis\u00e3o, o magistrado reconheceu que as mudan\u00e7as realizadas est\u00e3o dentro das prerrogativas do Poder Legislativo Municipal. Os vereadores voltam a se reunir nesta sexta-feira (07) as 20h na C\u00e2mara Municipal. <a href=\"https:\/\/portalv1.com.br\/app\/wp-content\/uploads\/2020\/02\/Acesse-a-decisao-aqui.pdf\">Acesse a decis\u00e3o aqui<\/a><\/p>\n","protected":false},"excerpt":{"rendered":"<p>O juiz da Comarca de Valen\u00e7a, Dr. Juscelino Norberto, julgou improcedente o pedido dos vereadores Lucivaldo Monteiro e Leilivan Martins, que pediam a nulidade da Sess\u00e3o Legislativa realizada dia 08&#8230;<\/p>\n","protected":false},"author":1,"featured_media":79983,"comment_status":"open","ping_status":"open","sticky":false,"template":"","format":"standard","meta":{"ngg_post_thumbnail":0,"footnotes":""},"categories":[12],"tags":[],"class_list":["post-83550","post","type-post","status-publish","format-standard","has-post-thumbnail","hentry","category-valenca-news"],"views":1041,"meta_data":{"thumb":"https:\/\/portalv1.com.br\/app\/wp-content\/uploads\/2019\/11\/Dr-Jucelino-01.jpg","imagem":{"fullsize":{"url":"https:\/\/portalv1.com.br\/app\/wp-content\/uploads\/2019\/11\/Dr-Jucelino-01.jpg","width":719,"height":391},"thumbnail":{"url":"https:\/\/portalv1.com.br\/app\/wp-content\/uploads\/2019\/11\/Dr-Jucelino-01-100x100.jpg","width":100,"height":100},"medium":{"url":"https:\/\/portalv1.com.br\/app\/wp-content\/uploads\/2019\/11\/Dr-Jucelino-01-300x163.jpg","width":300,"height":163},"large":{"url":"https:\/\/portalv1.com.br\/app\/wp-content\/uploads\/2019\/11\/Dr-Jucelino-01-640x348.jpg","width":640,"height":348}},"data":{"simple":"05\/02\/2020","date_time":"05\/02\/2020 11:17:55","date":"h\u00e1 6 anos"},"chapeu":"Veja detalhes","source":"slide"},"_links":{"self":[{"href":"https:\/\/portalv1.com.br\/api\/wp\/v2\/posts\/83550","targetHints":{"allow":["GET"]}}],"collection":[{"href":"https:\/\/portalv1.com.br\/api\/wp\/v2\/posts"}],"about":[{"href":"https:\/\/portalv1.com.br\/api\/wp\/v2\/types\/post"}],"author":[{"embeddable":true,"href":"https:\/\/portalv1.com.br\/api\/wp\/v2\/users\/1"}],"replies":[{"embeddable":true,"href":"https:\/\/portalv1.com.br\/api\/wp\/v2\/comments?post=83550"}],"version-history":[{"count":0,"href":"https:\/\/portalv1.com.br\/api\/wp\/v2\/posts\/83550\/revisions"}],"wp:featuredmedia":[{"embeddable":true,"href":"https:\/\/portalv1.com.br\/api\/wp\/v2\/media\/79983"}],"wp:attachment":[{"href":"https:\/\/portalv1.com.br\/api\/wp\/v2\/media?parent=83550"}],"wp:term":[{"taxonomy":"category","embeddable":true,"href":"https:\/\/portalv1.com.br\/api\/wp\/v2\/categories?post=83550"},{"taxonomy":"post_tag","embeddable":true,"href":"https:\/\/portalv1.com.br\/api\/wp\/v2\/tags?post=83550"}],"curies":[{"name":"wp","href":"https:\/\/api.w.org\/{rel}","templated":true}]}}