{"id":83554,"date":"2020-02-05T21:39:11","date_gmt":"2020-02-06T00:39:11","guid":{"rendered":"https:\/\/portalv1.com.br\/?p=83554"},"modified":"2020-02-11T00:00:16","modified_gmt":"2020-02-11T03:00:16","slug":"radio-confederacao-valenciana-entra-no-ar-nessa-quinta-feira","status":"publish","type":"post","link":"https:\/\/portalv1.com.br\/radio-confederacao-valenciana-entra-no-ar-nessa-quinta-feira\/","title":{"rendered":"R\u00e1dio Confedera\u00e7\u00e3o Valenciana entra no ar nessa quinta-feira"},"content":{"rendered":"<figure id=\"attachment_83555\" aria-describedby=\"caption-attachment-83555\" style=\"width: 640px\" class=\"wp-caption aligncenter\"><a href=\"https:\/\/portalv1.com.br\/app\/wp-content\/uploads\/2020\/02\/77c17213-3491-4307-bc80-c2412e24c6d5-Copy.jpg\"><img loading=\"lazy\" decoding=\"async\" class=\"size-full wp-image-83555\" src=\"https:\/\/portalv1.com.br\/app\/wp-content\/uploads\/2020\/02\/77c17213-3491-4307-bc80-c2412e24c6d5-Copy.jpg\" alt=\"\" width=\"640\" height=\"380\" srcset=\"https:\/\/portalv1.com.br\/app\/wp-content\/uploads\/2020\/02\/77c17213-3491-4307-bc80-c2412e24c6d5-Copy.jpg 640w, https:\/\/portalv1.com.br\/app\/wp-content\/uploads\/2020\/02\/77c17213-3491-4307-bc80-c2412e24c6d5-Copy-300x178.jpg 300w\" sizes=\"auto, (max-width: 640px) 100vw, 640px\" \/><\/a><figcaption id=\"caption-attachment-83555\" class=\"wp-caption-text\">R\u00e1dio Confedera\u00e7\u00e3o Valenciana<\/figcaption><\/figure>\n<p>O vereador Joaquim Filho disse nessa quarta-feira (05) que a R\u00e1dio Confedera\u00e7\u00e3o Valenciana (90,9), entra no ar a partir das 13h dessa quinta-feira, 06 de fevereiro.<\/p>\n<p>A emissora passou pelo processo de migra\u00e7\u00e3o e agora funcionar\u00e1 em frequ\u00eancia modulada (FM) na frequ\u00eancia de 90,9.<\/p>\n<p>Os equipamentos est\u00e3o sendo montados e nessa quinta-feira, ela entrar\u00e1 em fase experimental. A dire\u00e7\u00e3o prepara para os pr\u00f3ximos dias a inaugura\u00e7\u00e3o oficial.<\/p>\n<figure id=\"attachment_83556\" aria-describedby=\"caption-attachment-83556\" style=\"width: 603px\" class=\"wp-caption aligncenter\"><a href=\"https:\/\/portalv1.com.br\/app\/wp-content\/uploads\/2020\/02\/f3dda2da-9885-452a-99b9-0a85b9b18940-Copy.jpg\"><img loading=\"lazy\" decoding=\"async\" class=\"size-full wp-image-83556\" src=\"https:\/\/portalv1.com.br\/app\/wp-content\/uploads\/2020\/02\/f3dda2da-9885-452a-99b9-0a85b9b18940-Copy.jpg\" alt=\"\" width=\"603\" height=\"480\" srcset=\"https:\/\/portalv1.com.br\/app\/wp-content\/uploads\/2020\/02\/f3dda2da-9885-452a-99b9-0a85b9b18940-Copy.jpg 603w, https:\/\/portalv1.com.br\/app\/wp-content\/uploads\/2020\/02\/f3dda2da-9885-452a-99b9-0a85b9b18940-Copy-300x239.jpg 300w\" sizes=\"auto, (max-width: 603px) 100vw, 603px\" \/><\/a><figcaption id=\"caption-attachment-83556\" class=\"wp-caption-text\">R\u00e1dio Confedera\u00e7\u00e3o Valenciana<\/figcaption><\/figure>\n<p>A R\u00e1dio Confedera\u00e7\u00e3o Valenciana completar\u00e1 em 2020 34 anos. Ibernon Nunes, Francisco Veloso, Deusanira Dantas, Valdefran Vieira, S\u00e9rgio Alves, Nogueira Filho, Luana Brand\u00e3o, Teresinha Sousa, Valdenir Meneses e Gilberto foram alguns dos profissionais que passaram pela emissora nesses anos. A dire\u00e7\u00e3o tamb\u00e9m divulgou a logo da emissora. &nbsp;&nbsp;<\/p>\n","protected":false},"excerpt":{"rendered":"<p>O vereador Joaquim Filho disse nessa quarta-feira (05) que a R\u00e1dio Confedera\u00e7\u00e3o Valenciana (90,9), entra no ar a partir das 13h dessa quinta-feira, 06 de fevereiro. A emissora passou pelo&#8230;<\/p>\n","protected":false},"author":1,"featured_media":83555,"comment_status":"open","ping_status":"open","sticky":false,"template":"","format":"standard","meta":{"ngg_post_thumbnail":0,"footnotes":""},"categories":[12],"tags":[],"class_list":["post-83554","post","type-post","status-publish","format-standard","has-post-thumbnail","hentry","category-valenca-news"],"views":1502,"meta_data":{"thumb":"https:\/\/portalv1.com.br\/app\/wp-content\/uploads\/2020\/02\/77c17213-3491-4307-bc80-c2412e24c6d5-Copy.jpg","imagem":{"fullsize":{"url":"https:\/\/portalv1.com.br\/app\/wp-content\/uploads\/2020\/02\/77c17213-3491-4307-bc80-c2412e24c6d5-Copy.jpg","width":640,"height":380},"medium":{"url":"https:\/\/portalv1.com.br\/app\/wp-content\/uploads\/2020\/02\/77c17213-3491-4307-bc80-c2412e24c6d5-Copy-300x178.jpg","width":300,"height":178},"thumbnail":{"url":"https:\/\/portalv1.com.br\/app\/wp-content\/uploads\/2020\/02\/77c17213-3491-4307-bc80-c2412e24c6d5-Copy-100x100.jpg","width":100,"height":100}},"data":{"simple":"05\/02\/2020","date_time":"05\/02\/2020 18:39:11","date":"h\u00e1 6 anos"},"chapeu":"Veja detalhes ","source":"foto_menor"},"_links":{"self":[{"href":"https:\/\/portalv1.com.br\/api\/wp\/v2\/posts\/83554","targetHints":{"allow":["GET"]}}],"collection":[{"href":"https:\/\/portalv1.com.br\/api\/wp\/v2\/posts"}],"about":[{"href":"https:\/\/portalv1.com.br\/api\/wp\/v2\/types\/post"}],"author":[{"embeddable":true,"href":"https:\/\/portalv1.com.br\/api\/wp\/v2\/users\/1"}],"replies":[{"embeddable":true,"href":"https:\/\/portalv1.com.br\/api\/wp\/v2\/comments?post=83554"}],"version-history":[{"count":0,"href":"https:\/\/portalv1.com.br\/api\/wp\/v2\/posts\/83554\/revisions"}],"wp:featuredmedia":[{"embeddable":true,"href":"https:\/\/portalv1.com.br\/api\/wp\/v2\/media\/83555"}],"wp:attachment":[{"href":"https:\/\/portalv1.com.br\/api\/wp\/v2\/media?parent=83554"}],"wp:term":[{"taxonomy":"category","embeddable":true,"href":"https:\/\/portalv1.com.br\/api\/wp\/v2\/categories?post=83554"},{"taxonomy":"post_tag","embeddable":true,"href":"https:\/\/portalv1.com.br\/api\/wp\/v2\/tags?post=83554"}],"curies":[{"name":"wp","href":"https:\/\/api.w.org\/{rel}","templated":true}]}}