{"id":8448,"date":"2011-05-12T16:26:19","date_gmt":"2011-05-12T19:26:19","guid":{"rendered":"https:\/\/portalv1.com.br\/?p=8448"},"modified":"2011-05-15T22:10:11","modified_gmt":"2011-05-16T01:10:11","slug":"secretaria-municipal-de-cultura-realiza-8%c2%aa-semana-dos-museus","status":"publish","type":"post","link":"https:\/\/portalv1.com.br\/secretaria-municipal-de-cultura-realiza-8%c2%aa-semana-dos-museus\/","title":{"rendered":"Secret\u00e1ria Municipal de Cultura realiza 8\u00aa Semana dos Museus"},"content":{"rendered":"<figure id=\"attachment_1507\" aria-describedby=\"caption-attachment-1507\" style=\"width: 300px\" class=\"wp-caption alignright\"><a href=\"https:\/\/portalv1.com.br\/app\/wp-content\/uploads\/2009\/11\/valen\u00e7a.jpg\"><img loading=\"lazy\" decoding=\"async\" class=\"size-full wp-image-1507\" title=\"valen\u00e7a\" src=\"https:\/\/portalv1.com.br\/app\/wp-content\/uploads\/2009\/11\/valen\u00e7a.jpg\" alt=\"\" width=\"300\" height=\"183\" \/><\/a><figcaption id=\"caption-attachment-1507\" class=\"wp-caption-text\">Vista da cidade de Valen\u00e7a<\/figcaption><\/figure>\n<p>A Secretaria Municipal de Cultura ir\u00e1 realizar de 17 a 22 de maio a 8\u00aa Semana dos Museus. Pela programa\u00e7\u00e3o teremos exposi\u00e7\u00e3o fotogr\u00e1fica Movimentos Sociocultural de Valen\u00e7a (Kindou e Zuleide). Exposi\u00e7\u00e3o com o cartunista George Barros, palestras com os professores K\u00e1ssio Gomes e com o historiador e secret\u00e1rio municipal de cultura Ant\u00f4nio Jos\u00e9.<\/p>\n<p>A 8\u00aa Semana dos Museus \u00e9 realizada anualmente em todo pa\u00eds, no m\u00eas de maio, desde 2003. Seu prop\u00f3sito \u00e9 divulgar exposi\u00e7\u00f5es, visitas guiadas, semin\u00e1rios, palestras, workshops e shows das institui\u00e7\u00f5es museol\u00f3gicas de todo o Brasil, que se intensificam durante o per\u00edodo.\u00a0 O maior objetivo \u00e9 integrar cultura museol\u00f3gica e sociedade em geral.<\/p>\n","protected":false},"excerpt":{"rendered":"<p>A Secretaria Municipal de Cultura ir\u00e1 realizar de 17 a 22 de maio a 8\u00aa Semana dos Museus. Pela programa\u00e7\u00e3o teremos exposi\u00e7\u00e3o fotogr\u00e1fica Movimentos Sociocultural de Valen\u00e7a (Kindou e Zuleide)&#8230;.<\/p>\n","protected":false},"author":1,"featured_media":0,"comment_status":"open","ping_status":"open","sticky":false,"template":"","format":"standard","meta":{"ngg_post_thumbnail":0,"footnotes":""},"categories":[12],"tags":[],"class_list":["post-8448","post","type-post","status-publish","format-standard","hentry","category-valenca-news"],"views":506,"meta_data":{"thumb":"https:\/\/portalv1.com.br\/app\/wp-content\/uploads\/2009\/11\/valen\u00e7a.jpg","data":{"simple":"12\/05\/2011","date_time":"12\/05\/2011 13:26:19","date":"h\u00e1 15 anos"},"chapeu":"","source":""},"_links":{"self":[{"href":"https:\/\/portalv1.com.br\/api\/wp\/v2\/posts\/8448","targetHints":{"allow":["GET"]}}],"collection":[{"href":"https:\/\/portalv1.com.br\/api\/wp\/v2\/posts"}],"about":[{"href":"https:\/\/portalv1.com.br\/api\/wp\/v2\/types\/post"}],"author":[{"embeddable":true,"href":"https:\/\/portalv1.com.br\/api\/wp\/v2\/users\/1"}],"replies":[{"embeddable":true,"href":"https:\/\/portalv1.com.br\/api\/wp\/v2\/comments?post=8448"}],"version-history":[{"count":0,"href":"https:\/\/portalv1.com.br\/api\/wp\/v2\/posts\/8448\/revisions"}],"wp:attachment":[{"href":"https:\/\/portalv1.com.br\/api\/wp\/v2\/media?parent=8448"}],"wp:term":[{"taxonomy":"category","embeddable":true,"href":"https:\/\/portalv1.com.br\/api\/wp\/v2\/categories?post=8448"},{"taxonomy":"post_tag","embeddable":true,"href":"https:\/\/portalv1.com.br\/api\/wp\/v2\/tags?post=8448"}],"curies":[{"name":"wp","href":"https:\/\/api.w.org\/{rel}","templated":true}]}}