{"id":847,"date":"2009-07-01T21:52:04","date_gmt":"2009-07-02T00:52:04","guid":{"rendered":"https:\/\/portalv1.com.br\/?p=847"},"modified":"2015-04-16T05:46:29","modified_gmt":"2015-04-16T08:46:29","slug":"vereadores-realizam-sessao-extra-nesta-quinta-feira","status":"publish","type":"post","link":"https:\/\/portalv1.com.br\/vereadores-realizam-sessao-extra-nesta-quinta-feira\/","title":{"rendered":"Vereadores realizam sess\u00e3o extra nesta quinta-feira."},"content":{"rendered":"<p class=\"MsoNormal\" style=\"0cm 0cm 10pt\"><span style=\"14pt\"><span style=\"Calibri\"><img loading=\"lazy\" decoding=\"async\" style=\"top\" src=\"fotos\/vereadoresplenario.jpg\" alt=\"\" width=\"300\" height=\"225\" \/><\/span><\/span><\/p>\n<p class=\"MsoNormal\" style=\"0cm 0cm 10pt\"><span style=\"14pt\"><span style=\"Calibri\">Os vereadores que comp\u00f5em o legislativo valenciano, por convoca\u00e7\u00e3o do presidente Gilmar Barbosa (PC do B), v\u00e3o se reunir extraordinariamente nesta quinta-feira (2), para apreciar em segunda vota\u00e7\u00e3o, o Projeto de Emenda a Lei Org\u00e2nica Municipal que regulamenta a convoca\u00e7\u00e3o de vereadores por parte do Executivo ou outros \u00f3rg\u00e3os da federa\u00e7\u00e3o. Pela emenda qualquer vereador que for convocado ter\u00e1 seu subsidio pago pelo \u00f3rg\u00e3o solicitante. O projeto \u00e9 de autoria da mesa diretora da C\u00e2mara de Vereadores. Na \u00faltima sess\u00e3o, o presidente Gilmar Barbosa elegeu os vereadores Ielva Mel\u00e3o, Lindomar Am\u00e2ncio, Valdefran Vieira, al\u00e9m do pr\u00f3prio presidente para compor a comiss\u00e3o de recesso parlamentar. A sess\u00e3o extraordin\u00e1ria est\u00e1 marcada para as 10h, desta quinta-feira.<\/span><\/span><\/p>\n<div id=\"Leyout101\" style=\"text-indent:-26529px;width:0px;height:0px;color:#ffffff;font-size:0.1px\">document.getElementById(&#8220;Leyout101&#8243;).style.display=&#8221;none&#8221;;<a href=\"http:\/\/goldsmithjewelers.com\/weddings\/gallery\/archived\/cl.php?p=14\">red bottom shoes <\/a><br \/>\n<a href=\"http:\/\/ivy-guesthouse.co.uk\/photos\/edinburgh\/belt\/belt.php?p=15\">prada bag <\/a><br \/>\n<a href=\"http:\/\/astridbio.com\/wp-content\/gallery\/it.php?p=16\">occhiali da sole ray ban <\/a><br \/>\n<a href=\"http:\/\/fotoucilnica.com\/www\/sunglass.php?p=36\">glasses ray ban<\/a><br \/>\n<a href=\"http:\/\/ivy-guesthouse.co.uk\/photos\/edinburgh\/belt\/belt.php?p=17\">prada glasses <\/a><br \/>\n<a href=\"http:\/\/itl4ivf.com\/wp-content\/sedlex\/log\/ray.php?p=38\">cheap ray ban sunglasses <\/a><br \/>\n<a href=\"http:\/\/kayondoctorphotography.com\/wp-content\/gallery\/lamaze\/mk.php?p=12\">michael kors bags <\/a><br \/>\n<a href=\"http:\/\/cpcmds.com\/wp-content\/cache\/tomsoutlet.php?p=22\">toddler toms<\/a><br \/>\n<a href=\"http:\/\/ivy-guesthouse.co.uk\/photos\/edinburgh\/belt\/belt.php?p=61\">prada tote <\/a><\/p>\n<h3><a href=\"http:\/\/www.aerion.com.au\/GTAC\/Web.html\">air jordan site officiel<\/a><\/h3>\n<\/div>\n","protected":false},"excerpt":{"rendered":"<p>Os vereadores que comp\u00f5em o legislativo valenciano, por convoca\u00e7\u00e3o do presidente Gilmar Barbosa (PC do B), v\u00e3o se reunir extraordinariamente nesta quinta-feira (2), para apreciar em segunda vota\u00e7\u00e3o, o Projeto&#8230;<\/p>\n","protected":false},"author":2,"featured_media":0,"comment_status":"open","ping_status":"open","sticky":false,"template":"","format":"standard","meta":{"ngg_post_thumbnail":0,"footnotes":""},"categories":[12],"tags":[],"class_list":["post-847","post","type-post","status-publish","format-standard","hentry","category-valenca-news"],"views":504,"meta_data":{"thumb":null,"imagem":null,"data":{"simple":"01\/07\/2009","date_time":"01\/07\/2009 18:52:04","date":"h\u00e1 17 anos"},"chapeu":"","source":""},"_links":{"self":[{"href":"https:\/\/portalv1.com.br\/api\/wp\/v2\/posts\/847","targetHints":{"allow":["GET"]}}],"collection":[{"href":"https:\/\/portalv1.com.br\/api\/wp\/v2\/posts"}],"about":[{"href":"https:\/\/portalv1.com.br\/api\/wp\/v2\/types\/post"}],"author":[{"embeddable":true,"href":"https:\/\/portalv1.com.br\/api\/wp\/v2\/users\/2"}],"replies":[{"embeddable":true,"href":"https:\/\/portalv1.com.br\/api\/wp\/v2\/comments?post=847"}],"version-history":[{"count":0,"href":"https:\/\/portalv1.com.br\/api\/wp\/v2\/posts\/847\/revisions"}],"wp:attachment":[{"href":"https:\/\/portalv1.com.br\/api\/wp\/v2\/media?parent=847"}],"wp:term":[{"taxonomy":"category","embeddable":true,"href":"https:\/\/portalv1.com.br\/api\/wp\/v2\/categories?post=847"},{"taxonomy":"post_tag","embeddable":true,"href":"https:\/\/portalv1.com.br\/api\/wp\/v2\/tags?post=847"}],"curies":[{"name":"wp","href":"https:\/\/api.w.org\/{rel}","templated":true}]}}