{"id":84969,"date":"2020-03-13T13:10:12","date_gmt":"2020-03-13T16:10:12","guid":{"rendered":"https:\/\/portalv1.com.br\/?p=84969"},"modified":"2020-03-16T19:04:10","modified_gmt":"2020-03-16T22:04:10","slug":"vaquejada-de-pimenteiras-divulga-primeiras-atracoes","status":"publish","type":"post","link":"https:\/\/portalv1.com.br\/vaquejada-de-pimenteiras-divulga-primeiras-atracoes\/","title":{"rendered":"Vaquejada de Pimenteiras divulga primeiras atra\u00e7\u00f5es"},"content":{"rendered":"<p>A organiza\u00e7\u00e3o da 38\u00aa Vaquejada de Pimenteiras j\u00e1 definiu as primeiras atra\u00e7\u00f5es musicais e a data do evento. Esse ano a vaquejada de Pimenteiras uma dos mais tradicionais da regi\u00e3o nordeste acontecer\u00e1 nos dias 19, 20 e 21 de junho no Parque de Vaquejada Pantanal. Junior Viana e Caninana do Forr\u00f3 s\u00e3o as duas primeiras atra\u00e7\u00f5es confirmadas pela Shimamoto Produ\u00e7\u00f5es que informa que os shows ser\u00e3o gratuitos.<a href=\"https:\/\/portalv1.com.br\/app\/wp-content\/uploads\/2020\/03\/gh.jpg\"><img loading=\"lazy\" decoding=\"async\" class=\"aligncenter size-large wp-image-84970\" src=\"https:\/\/portalv1.com.br\/app\/wp-content\/uploads\/2020\/03\/gh-640x800.jpg\" alt=\"\" width=\"640\" height=\"800\" srcset=\"https:\/\/portalv1.com.br\/app\/wp-content\/uploads\/2020\/03\/gh-640x800.jpg 640w, https:\/\/portalv1.com.br\/app\/wp-content\/uploads\/2020\/03\/gh-300x375.jpg 300w, https:\/\/portalv1.com.br\/app\/wp-content\/uploads\/2020\/03\/gh.jpg 768w\" sizes=\"auto, (max-width: 640px) 100vw, 640px\" \/><\/a><\/p>\n","protected":false},"excerpt":{"rendered":"<p>A organiza\u00e7\u00e3o da 38\u00aa Vaquejada de Pimenteiras j\u00e1 definiu as primeiras atra\u00e7\u00f5es musicais e a data do evento. Esse ano a vaquejada de Pimenteiras uma dos mais tradicionais da regi\u00e3o&#8230;<\/p>\n","protected":false},"author":1,"featured_media":84970,"comment_status":"open","ping_status":"open","sticky":false,"template":"","format":"standard","meta":{"ngg_post_thumbnail":0,"footnotes":""},"categories":[12],"tags":[],"class_list":["post-84969","post","type-post","status-publish","format-standard","has-post-thumbnail","hentry","category-valenca-news"],"views":1737,"meta_data":{"thumb":"https:\/\/portalv1.com.br\/app\/wp-content\/uploads\/2020\/03\/gh.jpg","imagem":{"fullsize":{"url":"https:\/\/portalv1.com.br\/app\/wp-content\/uploads\/2020\/03\/gh.jpg","width":768,"height":960},"medium":{"url":"https:\/\/portalv1.com.br\/app\/wp-content\/uploads\/2020\/03\/gh-300x375.jpg","width":300,"height":375},"large":{"url":"https:\/\/portalv1.com.br\/app\/wp-content\/uploads\/2020\/03\/gh-640x800.jpg","width":640,"height":800},"thumbnail":{"url":"https:\/\/portalv1.com.br\/app\/wp-content\/uploads\/2020\/03\/gh-100x100.jpg","width":100,"height":100}},"data":{"simple":"13\/03\/2020","date_time":"13\/03\/2020 10:10:12","date":"h\u00e1 6 anos"},"chapeu":"Veja a data","source":"foto_menor"},"_links":{"self":[{"href":"https:\/\/portalv1.com.br\/api\/wp\/v2\/posts\/84969","targetHints":{"allow":["GET"]}}],"collection":[{"href":"https:\/\/portalv1.com.br\/api\/wp\/v2\/posts"}],"about":[{"href":"https:\/\/portalv1.com.br\/api\/wp\/v2\/types\/post"}],"author":[{"embeddable":true,"href":"https:\/\/portalv1.com.br\/api\/wp\/v2\/users\/1"}],"replies":[{"embeddable":true,"href":"https:\/\/portalv1.com.br\/api\/wp\/v2\/comments?post=84969"}],"version-history":[{"count":0,"href":"https:\/\/portalv1.com.br\/api\/wp\/v2\/posts\/84969\/revisions"}],"wp:featuredmedia":[{"embeddable":true,"href":"https:\/\/portalv1.com.br\/api\/wp\/v2\/media\/84970"}],"wp:attachment":[{"href":"https:\/\/portalv1.com.br\/api\/wp\/v2\/media?parent=84969"}],"wp:term":[{"taxonomy":"category","embeddable":true,"href":"https:\/\/portalv1.com.br\/api\/wp\/v2\/categories?post=84969"},{"taxonomy":"post_tag","embeddable":true,"href":"https:\/\/portalv1.com.br\/api\/wp\/v2\/tags?post=84969"}],"curies":[{"name":"wp","href":"https:\/\/api.w.org\/{rel}","templated":true}]}}