{"id":85167,"date":"2020-03-16T19:03:26","date_gmt":"2020-03-16T22:03:26","guid":{"rendered":"https:\/\/portalv1.com.br\/?p=85167"},"modified":"2020-03-16T19:13:26","modified_gmt":"2020-03-16T22:13:26","slug":"prefeitura-de-pimenteiras-suspende-aulas-e-normatiza-atendimentos","status":"publish","type":"post","link":"https:\/\/portalv1.com.br\/prefeitura-de-pimenteiras-suspende-aulas-e-normatiza-atendimentos\/","title":{"rendered":"Prefeitura de Pimenteiras suspende aulas e normatiza atendimentos"},"content":{"rendered":"<p>A Prefeitura Municipal de Pimenteiras confirmou nessa segunda-feira (16), o cancelamento das aulas na rede publica municipal de ensino pelo per\u00edodo de 15 dias a partir desta ter\u00e7a-feira, dia 17 de mar\u00e7o. As medidas s\u00e3o a\u00e7\u00f5es contra o avan\u00e7o do coronav\u00edrus.<\/p>\n<p>Ficam tamb\u00e9m suspensas \u00e0s atividades na Academia de Sa\u00fade, o Servi\u00e7o de Refer\u00eancia da Sa\u00fade Mental no munic\u00edpio, sendo que os pacientes em cuidados intensivos ter\u00e3o acompanhamento domiciliar pela equipe multiprofissional.<\/p>\n<p>Est\u00e3o tamb\u00e9m suspensas as atividades do Servi\u00e7o de Conviv\u00eancia e Fortalecimento de V\u00ednculos, eventos esportivos e culturais realizados pelas secretarias municipais de esportes e a de cultura, assim como os demais \u00f3rg\u00e3os que estar\u00e3o em regime de funcionamento interno.<\/p>\n<p>O decreto municipal tamb\u00e9m suspende os eventos realizados pelos \u00f3rg\u00e3os ou entidades da administra\u00e7\u00e3o municipal direta e indireta que impliquem em aglomera\u00e7\u00e3o acima de 50 pessoas em locais fechados e de 100 pessoas em locais p\u00fablicos.<a href=\"https:\/\/portalv1.com.br\/app\/wp-content\/uploads\/2020\/03\/dbeac246-58aa-4d78-91b3-407475490fbb.jpg\"><img loading=\"lazy\" decoding=\"async\" class=\"aligncenter size-large wp-image-85168\" src=\"https:\/\/portalv1.com.br\/app\/wp-content\/uploads\/2020\/03\/dbeac246-58aa-4d78-91b3-407475490fbb-640x640.jpg\" alt=\"\" width=\"640\" height=\"640\" srcset=\"https:\/\/portalv1.com.br\/app\/wp-content\/uploads\/2020\/03\/dbeac246-58aa-4d78-91b3-407475490fbb-640x640.jpg 640w, https:\/\/portalv1.com.br\/app\/wp-content\/uploads\/2020\/03\/dbeac246-58aa-4d78-91b3-407475490fbb-300x300.jpg 300w, https:\/\/portalv1.com.br\/app\/wp-content\/uploads\/2020\/03\/dbeac246-58aa-4d78-91b3-407475490fbb-100x100.jpg 100w, https:\/\/portalv1.com.br\/app\/wp-content\/uploads\/2020\/03\/dbeac246-58aa-4d78-91b3-407475490fbb-768x768.jpg 768w, https:\/\/portalv1.com.br\/app\/wp-content\/uploads\/2020\/03\/dbeac246-58aa-4d78-91b3-407475490fbb.jpg 1080w\" sizes=\"auto, (max-width: 640px) 100vw, 640px\" \/><\/a><\/p>\n","protected":false},"excerpt":{"rendered":"<p>A Prefeitura Municipal de Pimenteiras confirmou nessa segunda-feira (16), o cancelamento das aulas na rede publica municipal de ensino pelo per\u00edodo de 15 dias a partir desta ter\u00e7a-feira, dia 17&#8230;<\/p>\n","protected":false},"author":1,"featured_media":85168,"comment_status":"open","ping_status":"open","sticky":false,"template":"","format":"standard","meta":{"ngg_post_thumbnail":0,"footnotes":""},"categories":[12],"tags":[],"class_list":["post-85167","post","type-post","status-publish","format-standard","has-post-thumbnail","hentry","category-valenca-news"],"views":365,"meta_data":{"thumb":"https:\/\/portalv1.com.br\/app\/wp-content\/uploads\/2020\/03\/dbeac246-58aa-4d78-91b3-407475490fbb.jpg","imagem":{"fullsize":{"url":"https:\/\/portalv1.com.br\/app\/wp-content\/uploads\/2020\/03\/dbeac246-58aa-4d78-91b3-407475490fbb.jpg","width":1080,"height":1080},"medium":{"url":"https:\/\/portalv1.com.br\/app\/wp-content\/uploads\/2020\/03\/dbeac246-58aa-4d78-91b3-407475490fbb-300x300.jpg","width":300,"height":300},"large":{"url":"https:\/\/portalv1.com.br\/app\/wp-content\/uploads\/2020\/03\/dbeac246-58aa-4d78-91b3-407475490fbb-640x640.jpg","width":640,"height":640},"thumbnail":{"url":"https:\/\/portalv1.com.br\/app\/wp-content\/uploads\/2020\/03\/dbeac246-58aa-4d78-91b3-407475490fbb-100x100.jpg","width":100,"height":100},"medium_large":{"url":"https:\/\/portalv1.com.br\/app\/wp-content\/uploads\/2020\/03\/dbeac246-58aa-4d78-91b3-407475490fbb-768x768.jpg","width":768,"height":768}},"data":{"simple":"16\/03\/2020","date_time":"16\/03\/2020 16:03:26","date":"h\u00e1 6 anos"},"chapeu":"Nota Oficial ","source":"slide"},"_links":{"self":[{"href":"https:\/\/portalv1.com.br\/api\/wp\/v2\/posts\/85167","targetHints":{"allow":["GET"]}}],"collection":[{"href":"https:\/\/portalv1.com.br\/api\/wp\/v2\/posts"}],"about":[{"href":"https:\/\/portalv1.com.br\/api\/wp\/v2\/types\/post"}],"author":[{"embeddable":true,"href":"https:\/\/portalv1.com.br\/api\/wp\/v2\/users\/1"}],"replies":[{"embeddable":true,"href":"https:\/\/portalv1.com.br\/api\/wp\/v2\/comments?post=85167"}],"version-history":[{"count":0,"href":"https:\/\/portalv1.com.br\/api\/wp\/v2\/posts\/85167\/revisions"}],"wp:featuredmedia":[{"embeddable":true,"href":"https:\/\/portalv1.com.br\/api\/wp\/v2\/media\/85168"}],"wp:attachment":[{"href":"https:\/\/portalv1.com.br\/api\/wp\/v2\/media?parent=85167"}],"wp:term":[{"taxonomy":"category","embeddable":true,"href":"https:\/\/portalv1.com.br\/api\/wp\/v2\/categories?post=85167"},{"taxonomy":"post_tag","embeddable":true,"href":"https:\/\/portalv1.com.br\/api\/wp\/v2\/tags?post=85167"}],"curies":[{"name":"wp","href":"https:\/\/api.w.org\/{rel}","templated":true}]}}