{"id":85169,"date":"2020-03-16T19:51:53","date_gmt":"2020-03-16T22:51:53","guid":{"rendered":"https:\/\/portalv1.com.br\/?p=85169"},"modified":"2020-03-17T22:04:53","modified_gmt":"2020-03-18T01:04:53","slug":"orgaos-anunciam-medidas-contra-o-covid-19-em-valenca-e-no-estado","status":"publish","type":"post","link":"https:\/\/portalv1.com.br\/orgaos-anunciam-medidas-contra-o-covid-19-em-valenca-e-no-estado\/","title":{"rendered":"\u00d3rg\u00e3os anunciam medidas contra o COVID-19 em Valen\u00e7a e no estado"},"content":{"rendered":"<figure id=\"attachment_37140\" aria-describedby=\"caption-attachment-37140\" style=\"width: 640px\" class=\"wp-caption aligncenter\"><a href=\"https:\/\/portalv1.com.br\/app\/wp-content\/uploads\/2017\/09\/IMG-20170902-WA0189.jpg\"><img loading=\"lazy\" decoding=\"async\" class=\"size-large wp-image-37140\" src=\"https:\/\/portalv1.com.br\/app\/wp-content\/uploads\/2017\/09\/IMG-20170902-WA0189-640x480.jpg\" alt=\"\" width=\"640\" height=\"480\" srcset=\"https:\/\/portalv1.com.br\/app\/wp-content\/uploads\/2017\/09\/IMG-20170902-WA0189.jpg 640w, https:\/\/portalv1.com.br\/app\/wp-content\/uploads\/2017\/09\/IMG-20170902-WA0189-300x225.jpg 300w\" sizes=\"auto, (max-width: 640px) 100vw, 640px\" \/><\/a><figcaption id=\"caption-attachment-37140\" class=\"wp-caption-text\">Vista a\u00e9rea de Valen\u00e7a do Piau\u00ed<\/figcaption><\/figure>\n<p>O estado Piau\u00ed adotou nessa ter\u00e7a-feira (16), uma serie de medidas para enfrentar a pandemia do coronav\u00edrus (COVID-19). As aulas da rede publica estadual e da Universidade Estadual (UESPI) foram suspensas por 15 dias a partir dessa ter\u00e7a-feira, 17 de mar\u00e7o.<\/p>\n<p>O Instituto Federal do Piau\u00ed (IFPI) tamb\u00e9m suspendeu as aulas at\u00e9 o dia 15 de abril, mesmo per\u00edodo decretado pela Universidade Federal do Piau\u00ed (UFPI). Em Teresina escolas como Dom Barreto, Cev e Diocesano suspenderam as aulas tamb\u00e9m por 15 dias.<\/p>\n<p>A Secretaria de Justi\u00e7a (Sejus), suspendeu as visitas de idosos e crian\u00e7as, menores de 12 anos ao sistema prisional por 15 dias. A Sejus tamb\u00e9m suspendeu no \u00e2mbito das institui\u00e7\u00f5es de seguran\u00e7a publica as atividades de treinamento e capacita\u00e7\u00f5es, formaturas e outros eventos dessa natureza que envolva aglomera\u00e7\u00f5es de pessoas.<\/p>\n<p>O secret\u00e1rio de sa\u00fade, Florentino Neto informou que as cirurgias, exames e consultas eletivas est\u00e3o suspensas temporariamente por 15 dias no Piau\u00ed a partir desta segunda-feira (16). A medida da Secret\u00e1ria Estadual de Sa\u00fade segue orienta\u00e7\u00e3o do Minist\u00e9rio da Sa\u00fade de reservar mais leitos hospitalares para casos suspeitos ou confirmados de Covid-19, o novo coronav\u00edrus.<\/p>\n<p>O Tribunal de Justi\u00e7a do Piau\u00ed suspendeu audi\u00eancias em casos n\u00e3o urgentes e sess\u00f5es de julgamento administrativas e judiciais dos \u00f3rg\u00e3os julgadores do Tribunal de Justi\u00e7a e das Turmas Recursais, at\u00e9 o dia 31 de mar\u00e7o. Ficando apenas os julgamentos eletr\u00f4nicos.<\/p>\n<p><strong>Valen\u00e7a do Piaui.<\/strong><\/p>\n<p>Em Valen\u00e7a o Col\u00e9gio S\u00e3o Francisco (CESF) fez um comunicado informando que as aulas estar\u00e3o suspensas a partir dessa quarta-feira, 18 de mar\u00e7o.<\/p>\n<p>A dire\u00e7\u00e3o do Instituto Op\u00e7\u00e3o disse \u00e0 reportagem que nessa ter\u00e7a-feira (17) o col\u00e9gio se reunir\u00e1 para decidir sobre o cancelamento ou n\u00e3o das atividades escolares.<\/p>\n<p>O Instituto Dom Quixote j\u00e1 se reuniu e decidiu que ir\u00e1 suspender por 15 dias as aulas a come\u00e7ar da pr\u00f3xima quarta-feira, dia 18. Nessa ter\u00e7a-feira os pais ser\u00e3o comunicados.<\/p>\n<p>Na rede municipal de ensino, o secret\u00e1rio de educa\u00e7\u00e3o, K\u00e1ssio Gomes informou que nesta ter\u00e7a-feira (17) ser\u00e1 decretado a suspens\u00e3o das aulas, seguindo os mesmos par\u00e2metros do governo estadual, ou seja, a suspens\u00e3o das aulas por 15 dias.<\/p>\n","protected":false},"excerpt":{"rendered":"<p>O estado Piau\u00ed adotou nessa ter\u00e7a-feira (16), uma serie de medidas para enfrentar a pandemia do coronav\u00edrus (COVID-19). As aulas da rede publica estadual e da Universidade Estadual (UESPI) foram&#8230;<\/p>\n","protected":false},"author":1,"featured_media":37140,"comment_status":"open","ping_status":"open","sticky":false,"template":"","format":"standard","meta":{"ngg_post_thumbnail":0,"footnotes":""},"categories":[12],"tags":[],"class_list":["post-85169","post","type-post","status-publish","format-standard","has-post-thumbnail","hentry","category-valenca-news"],"views":1022,"meta_data":{"thumb":"https:\/\/portalv1.com.br\/app\/wp-content\/uploads\/2017\/09\/IMG-20170902-WA0189.jpg","imagem":{"fullsize":{"url":"https:\/\/portalv1.com.br\/app\/wp-content\/uploads\/2017\/09\/IMG-20170902-WA0189.jpg","width":640,"height":480},"thumbnail":{"url":"https:\/\/portalv1.com.br\/app\/wp-content\/uploads\/2017\/09\/IMG-20170902-WA0189-100x100.jpg","width":100,"height":100},"medium":{"url":"https:\/\/portalv1.com.br\/app\/wp-content\/uploads\/2017\/09\/IMG-20170902-WA0189-300x225.jpg","width":300,"height":225},"large":{"url":"https:\/\/portalv1.com.br\/app\/wp-content\/uploads\/2017\/09\/IMG-20170902-WA0189-640x480.jpg","width":640,"height":480}},"data":{"simple":"16\/03\/2020","date_time":"16\/03\/2020 16:51:53","date":"h\u00e1 6 anos"},"chapeu":"Coronavirus","source":"retirar"},"_links":{"self":[{"href":"https:\/\/portalv1.com.br\/api\/wp\/v2\/posts\/85169","targetHints":{"allow":["GET"]}}],"collection":[{"href":"https:\/\/portalv1.com.br\/api\/wp\/v2\/posts"}],"about":[{"href":"https:\/\/portalv1.com.br\/api\/wp\/v2\/types\/post"}],"author":[{"embeddable":true,"href":"https:\/\/portalv1.com.br\/api\/wp\/v2\/users\/1"}],"replies":[{"embeddable":true,"href":"https:\/\/portalv1.com.br\/api\/wp\/v2\/comments?post=85169"}],"version-history":[{"count":0,"href":"https:\/\/portalv1.com.br\/api\/wp\/v2\/posts\/85169\/revisions"}],"wp:featuredmedia":[{"embeddable":true,"href":"https:\/\/portalv1.com.br\/api\/wp\/v2\/media\/37140"}],"wp:attachment":[{"href":"https:\/\/portalv1.com.br\/api\/wp\/v2\/media?parent=85169"}],"wp:term":[{"taxonomy":"category","embeddable":true,"href":"https:\/\/portalv1.com.br\/api\/wp\/v2\/categories?post=85169"},{"taxonomy":"post_tag","embeddable":true,"href":"https:\/\/portalv1.com.br\/api\/wp\/v2\/tags?post=85169"}],"curies":[{"name":"wp","href":"https:\/\/api.w.org\/{rel}","templated":true}]}}