{"id":85198,"date":"2020-03-20T14:17:11","date_gmt":"2020-03-20T17:17:11","guid":{"rendered":"https:\/\/portalv1.com.br\/?p=85198"},"modified":"2020-03-20T18:08:44","modified_gmt":"2020-03-20T21:08:44","slug":"prefeitura-de-pimenteiras-cancela-feira-e-faz-outras-recomendacoes","status":"publish","type":"post","link":"https:\/\/portalv1.com.br\/prefeitura-de-pimenteiras-cancela-feira-e-faz-outras-recomendacoes\/","title":{"rendered":"Prefeitura de Pimenteiras cancela feira e faz outras recomenda\u00e7\u00f5es"},"content":{"rendered":"<figure id=\"attachment_82781\" aria-describedby=\"caption-attachment-82781\" style=\"width: 640px\" class=\"wp-caption aligncenter\"><a href=\"https:\/\/portalv1.com.br\/app\/wp-content\/uploads\/2020\/01\/portal-de-pimenteiras.jpg\"><img loading=\"lazy\" decoding=\"async\" class=\"size-full wp-image-82781\" src=\"https:\/\/portalv1.com.br\/app\/wp-content\/uploads\/2020\/01\/portal-de-pimenteiras.jpg\" alt=\"\" width=\"640\" height=\"360\" srcset=\"https:\/\/portalv1.com.br\/app\/wp-content\/uploads\/2020\/01\/portal-de-pimenteiras.jpg 640w, https:\/\/portalv1.com.br\/app\/wp-content\/uploads\/2020\/01\/portal-de-pimenteiras-300x169.jpg 300w\" sizes=\"auto, (max-width: 640px) 100vw, 640px\" \/><\/a><figcaption id=\"caption-attachment-82781\" class=\"wp-caption-text\">Pimenteiras<\/figcaption><\/figure>\n<p>A Prefeitura de Pimenteiras emitiu uma s\u00e9rie de recomenda\u00e7\u00f5es nessa sexta-feira (20) para ajudar no combate ao Covid 19 no munic\u00edpio. A decis\u00e3o foi baseada no decreto de estado de calamidade p\u00fablica do governo do estado do Piau\u00ed baixado nessa quinta-feira, 19 de mar\u00e7o.<\/p>\n<p>A feira municipal que acontece semanalmente \u00e0s segundas-feiras foi suspensa e foi recomendado o fechamento de bares, restaurantes, lanchonetes e academias para evitar a aglomera\u00e7\u00e3o de pessoas, que devem evitar viagens, cumprimentos, apertos de m\u00e3os, abra\u00e7os, beijos e adiar a ida aos postos de sa\u00fade ou hospital em situa\u00e7\u00f5es que podem ser adiadas.<\/p>\n<p>Os postos e o hospital trabalhar\u00e3o em ritmo de plant\u00e3o das 07h \u00e0s 19h atendendo apenas \u00e0 popula\u00e7\u00e3o sintom\u00e1tica, acompanhamento dos grupos de risco, pr\u00e9-natal, vacina\u00e7\u00e3o e poss\u00edveis urg\u00eancias. Orienta ainda a s\u00f3 procurar o hospital em casos de urg\u00eancia e emerg\u00eancia ou se apresentar os seguintes sintomas: coriza, febre, tosse e falta de ar.<\/p>\n<p>Foi recomendado que as pessoas que vierem de lugares com hist\u00f3rico de transmiss\u00e3o dever\u00e3o ficar em isolamento domiciliar por 14 dias. A prefeitura lembrou que o munic\u00edpio n\u00e3o apresenta nenhum caso suspeito at\u00e9 a presente data, por\u00e9m como \u00e9 um munic\u00edpio que faz fronteira com o estado do Cear\u00e1 adotou tamb\u00e9m medidas na fronteira com profissionais da sa\u00fade.<\/p>\n<p>A gest\u00e3o municipal lembrou que at\u00e9 o momento n\u00e3o h\u00e1 nenhum tratamento 100% eficaz contra o coronav\u00edrus, lembrando que o que pode ser feito hoje para evitar a propaga\u00e7\u00e3o da doen\u00e7a \u00e9 a preven\u00e7\u00e3o, ou seja, que as pessoas permane\u00e7am em suas casas e adotem as medidas de higiene pessoal: lavar as m\u00e3os com \u00e1gua e sab\u00e3o, ao tossir ou espirrar usar len\u00e7os de papel ou o antebra\u00e7o, nunca as m\u00e3os.<\/p>\n","protected":false},"excerpt":{"rendered":"<p>A Prefeitura de Pimenteiras emitiu uma s\u00e9rie de recomenda\u00e7\u00f5es nessa sexta-feira (20) para ajudar no combate ao Covid 19 no munic\u00edpio. A decis\u00e3o foi baseada no decreto de estado de&#8230;<\/p>\n","protected":false},"author":1,"featured_media":74264,"comment_status":"open","ping_status":"open","sticky":false,"template":"","format":"standard","meta":{"ngg_post_thumbnail":0,"footnotes":""},"categories":[12],"tags":[],"class_list":["post-85198","post","type-post","status-publish","format-standard","has-post-thumbnail","hentry","category-valenca-news"],"views":514,"meta_data":{"thumb":"https:\/\/portalv1.com.br\/app\/wp-content\/uploads\/2019\/07\/IMG_20190623_172842-Copy.jpg","imagem":{"fullsize":{"url":"https:\/\/portalv1.com.br\/app\/wp-content\/uploads\/2019\/07\/IMG_20190623_172842-Copy.jpg","width":640,"height":360},"thumbnail":{"url":"https:\/\/portalv1.com.br\/app\/wp-content\/uploads\/2019\/07\/IMG_20190623_172842-Copy-100x100.jpg","width":100,"height":100},"medium":{"url":"https:\/\/portalv1.com.br\/app\/wp-content\/uploads\/2019\/07\/IMG_20190623_172842-Copy-300x169.jpg","width":300,"height":169},"large":{"url":"https:\/\/portalv1.com.br\/app\/wp-content\/uploads\/2019\/07\/IMG_20190623_172842-Copy-640x360.jpg","width":640,"height":360}},"data":{"simple":"20\/03\/2020","date_time":"20\/03\/2020 11:17:11","date":"h\u00e1 6 anos"},"chapeu":"Covid 19","source":"retirar"},"_links":{"self":[{"href":"https:\/\/portalv1.com.br\/api\/wp\/v2\/posts\/85198","targetHints":{"allow":["GET"]}}],"collection":[{"href":"https:\/\/portalv1.com.br\/api\/wp\/v2\/posts"}],"about":[{"href":"https:\/\/portalv1.com.br\/api\/wp\/v2\/types\/post"}],"author":[{"embeddable":true,"href":"https:\/\/portalv1.com.br\/api\/wp\/v2\/users\/1"}],"replies":[{"embeddable":true,"href":"https:\/\/portalv1.com.br\/api\/wp\/v2\/comments?post=85198"}],"version-history":[{"count":0,"href":"https:\/\/portalv1.com.br\/api\/wp\/v2\/posts\/85198\/revisions"}],"wp:featuredmedia":[{"embeddable":true,"href":"https:\/\/portalv1.com.br\/api\/wp\/v2\/media\/74264"}],"wp:attachment":[{"href":"https:\/\/portalv1.com.br\/api\/wp\/v2\/media?parent=85198"}],"wp:term":[{"taxonomy":"category","embeddable":true,"href":"https:\/\/portalv1.com.br\/api\/wp\/v2\/categories?post=85198"},{"taxonomy":"post_tag","embeddable":true,"href":"https:\/\/portalv1.com.br\/api\/wp\/v2\/tags?post=85198"}],"curies":[{"name":"wp","href":"https:\/\/api.w.org\/{rel}","templated":true}]}}