{"id":85327,"date":"2020-03-29T17:20:52","date_gmt":"2020-03-29T20:20:52","guid":{"rendered":"https:\/\/portalv1.com.br\/?p=85327"},"modified":"2020-03-31T14:03:42","modified_gmt":"2020-03-31T17:03:42","slug":"francivando-rosa-diz-que-e-fake-news-a-noticia-sobre-estar-com-covid-19","status":"publish","type":"post","link":"https:\/\/portalv1.com.br\/francivando-rosa-diz-que-e-fake-news-a-noticia-sobre-estar-com-covid-19\/","title":{"rendered":"Francivando Rosa diz que \u00e9 Fake News a noticia sobre estar com Covid-19"},"content":{"rendered":"<figure id=\"attachment_85328\" aria-describedby=\"caption-attachment-85328\" style=\"width: 640px\" class=\"wp-caption aligncenter\"><a href=\"https:\/\/portalv1.com.br\/app\/wp-content\/uploads\/2020\/03\/Luiz-Francivando-Copy.jpg\"><img loading=\"lazy\" decoding=\"async\" class=\"size-full wp-image-85328\" src=\"https:\/\/portalv1.com.br\/app\/wp-content\/uploads\/2020\/03\/Luiz-Francivando-Copy.jpg\" alt=\"\" width=\"640\" height=\"480\" srcset=\"https:\/\/portalv1.com.br\/app\/wp-content\/uploads\/2020\/03\/Luiz-Francivando-Copy.jpg 640w, https:\/\/portalv1.com.br\/app\/wp-content\/uploads\/2020\/03\/Luiz-Francivando-Copy-300x225.jpg 300w\" sizes=\"auto, (max-width: 640px) 100vw, 640px\" \/><\/a><figcaption id=\"caption-attachment-85328\" class=\"wp-caption-text\">Lu\u00eds Francivando Rosa<\/figcaption><\/figure>\n<p>O advogado Dr. Lu\u00eds Francivando Rosa comentou nesse domingo (29), as informa\u00e7\u00f5es divulgadas em redes sociais dando conta que o mesmo teria testado positivo para o coronav\u00edrus. A manifesta\u00e7\u00e3o veio ap\u00f3s a circula\u00e7\u00e3o de \u00e1udios em grupos de Whatsapp.<\/p>\n<p>De acordo com o advogado, que reside atualmente em Bras\u00edlia e passa esse momento de quarentena em Valen\u00e7a junto a seus familiares, afirmou que a informa\u00e7\u00e3o \u00e9 uma Fake News. Ele enviou uma nota ao Portal V1 relatando os cuidados e as medidas adotadas por ele at\u00e9 chegar em Valen\u00e7a.<\/p>\n<p>O advogado n\u00e3o est\u00e1 sozinho nessa rela\u00e7\u00e3o criada pelas redes sociais em Valen\u00e7a, al\u00e9m dele a advogada Dr\u00aa Martalene Silva tamb\u00e9m viveu esse mesmo processo, assim como outros casos circulam com muita for\u00e7a nas redes sociais em nosso munic\u00edpio, provocando uma histeria virtual ao apontar nomes e at\u00e9 a circula\u00e7\u00e3o de \u00e1udios onde as pessoas se passam por profissional sa\u00fade enumerando casos de Covid-19 em Valen\u00e7a.<\/p>\n<p>De acordo com dados da Secretaria Estadual da Sa\u00fade divulgados nesse s\u00e1bado (28), Valen\u00e7a continua sem nenhum caso de coronav\u00edrus. Veja a ministra\u00e7\u00e3o do advogado.<\/p>\n<p><strong>Nota a Imprensa<\/strong><\/p>\n<p>Venho Informar e esclarecer a popula\u00e7\u00e3o valenciana, diante de Fake News e da m\u00e1 f\u00e9 de alguns que espalharam \u00e1udios em grupos de whatsapp, contendo informa\u00e7\u00f5es falsas a meu respeito.<\/p>\n<p>Como todos sabem, \u00e9 fato p\u00fablico e not\u00f3rio que hoje resido em Bras\u00edlia-DF, h\u00e1 mais de um ano, e que no momento, diante a pandemia mundial que paralisou todas as atividades econ\u00f4micas e imp\u00f4s isolamento social \u00e0 toda a sociedade, vim para cidade de Valen\u00e7a do Piau\u00ed-PI, minha terra natal, onde reside minha fam\u00edlia.<\/p>\n<p>Informo que me encontrava em isolamento no meu apto em Bras\u00edlia desde o dia 15 de Mar\u00e7o de 2020, diante do avan\u00e7o da escala epidemiol\u00f3gica no mundo e que dia 19 de Mar\u00e7o de 2020, (h\u00e1 exatos dez dias) peguei o voo para o Piau\u00ed, onde passei 03 (tr\u00eas) dias em isolamento na cidade de Teresina, (por cautela, pois tenho pais idosos e estive em um ambiente de Aeroporto Internacional) e s\u00f3 ent\u00e3o vim para Valen\u00e7a do Piau\u00ed, chegando exatamente na noite do dia 21 de Mar\u00e7o de 2020.<\/p>\n<p>Hoje, me encontro em vida normal, em minha resid\u00eancia trabalhando em regime de teletrabalho, bem como nos processos virtuais de minha compet\u00eancia, enquanto a preocupa\u00e7\u00e3o de alguns \u00e9 de criar alarde atrav\u00e9s de fake News.<\/p>\n<p>Informo que at\u00e9 o presente momento o \u00fanico sintoma que apresentei foi tosse produtiva no quarto dia no Piau\u00ed, sintoma de gripe comum, sendo que no presente momento, a mesma inexiste, pois tomei os rem\u00e9dios competentes para cur\u00e1-la, jamais apresentei febre, e tive uma leve falta de ar, problema este que j\u00e1 tive em v\u00e1rias oportunidades que tive gripe, e que no momento cessou com medicamento.<\/p>\n<p>Refor\u00e7o que moro num setor em Bras\u00edlia que n\u00e3o possui caso confirmado, n\u00e3o tive contato com nenhuma pessoa que foi diagnosticada com a COVID 19 e n\u00e3o possuo o quadro de sintomas caracter\u00edsticos para o Indicativo do Exame, conforme atestaram meus m\u00e9dicos. Apesar disso, me encontro em isolamento, inclusive sem contato com minha fam\u00edlia, por quest\u00e3o de bom senso, e \u00e9 isto o que todos que apresentarem sintomas de gripe devem fazer, se isolar e proteger os mais idosos.<\/p>\n<p>Gripe se cura, (e a minha est\u00e1 quase l\u00e1), falta de car\u00e1ter \u00e9 mais dif\u00edcil! Querer causar p\u00e2nico na cidade, utilizando-se do meu nome, num momento delicado como este, falando de situa\u00e7\u00e3o que n\u00e3o conhece e n\u00e3o existe \u00e9 de uma falta de humanidade que salta aos olhos, al\u00e9m de crime! Os \u00e1udios ser\u00e3o encaminhados \u00e0s autoridades para identifica\u00e7\u00e3o e responsabiliza\u00e7\u00e3o dos envolvidos.<\/p>\n<p>Seguirei nas minhas precau\u00e7\u00f5es, como todos devem seguir, estando gripados ou n\u00e3o, no meu isolamento social, seguindo as orienta\u00e7\u00f5es das autoridades de sa\u00fade.<\/p>\n<p>Como membro da Comiss\u00e3o Nacional de Direitos Humanos do Conselho Federal da OAB, cobro responsabilidade das nossas autoridades neste momento de crise, e das pessoas cobro respeito e humanidade com todos, sobretudo com nossos irm\u00e3os nordestinos que precisam se aventurar, muitas vezes em \u00f4nibus clandestinos, para voltarem para sua terra neste momento delicado. N\u00e3o \u00e9 momento para preconceito! Esse v\u00edrus veio para demonstrar o qu\u00e3o pequenos e iguais n\u00f3s somos, e apesar de grandes gestos de solidariedade que vemos, infelizmente ele veio para lado ruim de muita gente.<\/p>\n<p>Que Deus esteja com todos n\u00f3s, que sejamos respons\u00e1veis nos conte\u00fados que publicamos, o momento \u00e9 de reflex\u00e3o e cautela. Fiquem em casa. Permane\u00e7amos afastados agora, para que possamos nos abra\u00e7ar mais adiante.<\/p>\n<p>Lu\u00eds Francivando Rosa<\/p>\n<p>De Valen\u00e7a do Piau\u00ed-PI, 29 de Mar\u00e7o de 2020.<\/p>\n<p>Advogado. Membro da Comiss\u00e3o Nacional de Direitos Humanos da OAB.<\/p>\n","protected":false},"excerpt":{"rendered":"<p>O advogado Dr. Lu\u00eds Francivando Rosa comentou nesse domingo (29), as informa\u00e7\u00f5es divulgadas em redes sociais dando conta que o mesmo teria testado positivo para o coronav\u00edrus. A manifesta\u00e7\u00e3o veio&#8230;<\/p>\n","protected":false},"author":1,"featured_media":85328,"comment_status":"open","ping_status":"open","sticky":false,"template":"","format":"standard","meta":{"ngg_post_thumbnail":0,"footnotes":""},"categories":[12],"tags":[],"class_list":["post-85327","post","type-post","status-publish","format-standard","has-post-thumbnail","hentry","category-valenca-news"],"views":1190,"meta_data":{"thumb":"https:\/\/portalv1.com.br\/app\/wp-content\/uploads\/2020\/03\/Luiz-Francivando-Copy.jpg","imagem":{"fullsize":{"url":"https:\/\/portalv1.com.br\/app\/wp-content\/uploads\/2020\/03\/Luiz-Francivando-Copy.jpg","width":640,"height":480},"medium":{"url":"https:\/\/portalv1.com.br\/app\/wp-content\/uploads\/2020\/03\/Luiz-Francivando-Copy-300x225.jpg","width":300,"height":225},"thumbnail":{"url":"https:\/\/portalv1.com.br\/app\/wp-content\/uploads\/2020\/03\/Luiz-Francivando-Copy-100x100.jpg","width":100,"height":100}},"data":{"simple":"29\/03\/2020","date_time":"29\/03\/2020 14:20:52","date":"h\u00e1 6 anos"},"chapeu":"Fake News","source":"foto_menor"},"_links":{"self":[{"href":"https:\/\/portalv1.com.br\/api\/wp\/v2\/posts\/85327","targetHints":{"allow":["GET"]}}],"collection":[{"href":"https:\/\/portalv1.com.br\/api\/wp\/v2\/posts"}],"about":[{"href":"https:\/\/portalv1.com.br\/api\/wp\/v2\/types\/post"}],"author":[{"embeddable":true,"href":"https:\/\/portalv1.com.br\/api\/wp\/v2\/users\/1"}],"replies":[{"embeddable":true,"href":"https:\/\/portalv1.com.br\/api\/wp\/v2\/comments?post=85327"}],"version-history":[{"count":0,"href":"https:\/\/portalv1.com.br\/api\/wp\/v2\/posts\/85327\/revisions"}],"wp:featuredmedia":[{"embeddable":true,"href":"https:\/\/portalv1.com.br\/api\/wp\/v2\/media\/85328"}],"wp:attachment":[{"href":"https:\/\/portalv1.com.br\/api\/wp\/v2\/media?parent=85327"}],"wp:term":[{"taxonomy":"category","embeddable":true,"href":"https:\/\/portalv1.com.br\/api\/wp\/v2\/categories?post=85327"},{"taxonomy":"post_tag","embeddable":true,"href":"https:\/\/portalv1.com.br\/api\/wp\/v2\/tags?post=85327"}],"curies":[{"name":"wp","href":"https:\/\/api.w.org\/{rel}","templated":true}]}}