{"id":85331,"date":"2020-03-29T22:17:44","date_gmt":"2020-03-30T01:17:44","guid":{"rendered":"https:\/\/portalv1.com.br\/?p=85331"},"modified":"2020-03-29T22:25:37","modified_gmt":"2020-03-30T01:25:37","slug":"oab-valenca-divulga-nota-em-apoio-ao-advogado-dr-francivando-rosa","status":"publish","type":"post","link":"https:\/\/portalv1.com.br\/oab-valenca-divulga-nota-em-apoio-ao-advogado-dr-francivando-rosa\/","title":{"rendered":"OAB Valen\u00e7a divulga nota em apoio ao advogado Dr. Francivando Rosa"},"content":{"rendered":"<figure id=\"attachment_85332\" aria-describedby=\"caption-attachment-85332\" style=\"width: 640px\" class=\"wp-caption aligncenter\"><a href=\"https:\/\/portalv1.com.br\/app\/wp-content\/uploads\/2020\/03\/SUBSECAO-VALENCA-Copy.jpg\"><img loading=\"lazy\" decoding=\"async\" class=\"size-full wp-image-85332\" src=\"https:\/\/portalv1.com.br\/app\/wp-content\/uploads\/2020\/03\/SUBSECAO-VALENCA-Copy.jpg\" alt=\"\" width=\"640\" height=\"480\" srcset=\"https:\/\/portalv1.com.br\/app\/wp-content\/uploads\/2020\/03\/SUBSECAO-VALENCA-Copy.jpg 640w, https:\/\/portalv1.com.br\/app\/wp-content\/uploads\/2020\/03\/SUBSECAO-VALENCA-Copy-300x225.jpg 300w\" sizes=\"auto, (max-width: 640px) 100vw, 640px\" \/><\/a><figcaption id=\"caption-attachment-85332\" class=\"wp-caption-text\">OAB de Valen\u00e7a<\/figcaption><\/figure>\n<p>A diretoria da Subse\u00e7\u00e3o da OAB de Valen\u00e7a divulgou neste domingo (29), uma nota em apoio ao advogado Dr. Lu\u00eds Francivando Rosa, que teve seu nome envolvido nas redes como portador da Covid-19.<\/p>\n<p>A nota assinada pela presidenta Dr\u00aa Martalene Silva, afirma que as pessoas que gravaram \u00e1udios acusando o advogado n\u00e3o tinham nenhuma comprova\u00e7\u00e3o t\u00e9cnica de que o advogado estaria acometido da covid-19.<\/p>\n<p>A diretoria pede que a pol\u00edcia e o Minist\u00e9rio P\u00fablico investiguem o caso para que os culpados sejam punidos.<\/p>\n<p>\u201cO advogado afirma ser falsa a informa\u00e7\u00e3o, pelo que esta entidade de classe cobra da pol\u00edcia e do Minist\u00e9rio P\u00fablico, a investiga\u00e7\u00e3o do fato para que o culpado seja devidamente punido, uma vez que, ainda que o advogado estivesse infectado, a not\u00edcia n\u00e3o poderia ser divulgada dessa forma, em raz\u00e3o do princ\u00edpio da dignidade da pessoa humana\u201d, diz a nota.<\/p>\n<p><strong>Nota a Imprensa&nbsp; <\/strong><\/p>\n<p>A diretoria da OAB Valen\u00e7a-Piau\u00ed repudia de forma veemente a Fake News divulgada nas m\u00eddias contra o advogado Dr. Francivando Rosa, onde o divulgador propaga nas redes sociais, sem nenhuma comprova\u00e7\u00e3o t\u00e9cnica, que o advogado estaria acometido de covid-19, fazendo um apelo \u00e0 popula\u00e7\u00e3o de que todos fiquem alertas.<\/p>\n<p>O advogado afirma ser falsa a informa\u00e7\u00e3o, pelo que esta entidade de classe cobra da pol\u00edcia e do Minist\u00e9rio P\u00fablico, a investiga\u00e7\u00e3o do fato para que o culpado seja devidamente punido, uma vez que, ainda que o advogado estivesse infectado, a not\u00edcia n\u00e3o poderia ser divulgada dessa forma, em raz\u00e3o do princ\u00edpio da dignidade da pessoa humana.<\/p>\n<p>Valenca-Pi, 29.03.2020.<\/p>\n<p>Martalene dos Anjos e Silva &#8211; Presidente da OAB Subse\u00e7\u00e3o de Valen\u00e7a.<\/p>\n","protected":false},"excerpt":{"rendered":"<p>A diretoria da Subse\u00e7\u00e3o da OAB de Valen\u00e7a divulgou neste domingo (29), uma nota em apoio ao advogado Dr. Lu\u00eds Francivando Rosa, que teve seu nome envolvido nas redes como&#8230;<\/p>\n","protected":false},"author":1,"featured_media":85332,"comment_status":"open","ping_status":"open","sticky":false,"template":"","format":"standard","meta":{"ngg_post_thumbnail":0,"footnotes":""},"categories":[12],"tags":[],"class_list":["post-85331","post","type-post","status-publish","format-standard","has-post-thumbnail","hentry","category-valenca-news"],"views":742,"meta_data":{"thumb":"https:\/\/portalv1.com.br\/app\/wp-content\/uploads\/2020\/03\/SUBSECAO-VALENCA-Copy.jpg","imagem":{"fullsize":{"url":"https:\/\/portalv1.com.br\/app\/wp-content\/uploads\/2020\/03\/SUBSECAO-VALENCA-Copy.jpg","width":640,"height":480},"medium":{"url":"https:\/\/portalv1.com.br\/app\/wp-content\/uploads\/2020\/03\/SUBSECAO-VALENCA-Copy-300x225.jpg","width":300,"height":225},"thumbnail":{"url":"https:\/\/portalv1.com.br\/app\/wp-content\/uploads\/2020\/03\/SUBSECAO-VALENCA-Copy-100x100.jpg","width":100,"height":100}},"data":{"simple":"29\/03\/2020","date_time":"29\/03\/2020 19:17:44","date":"h\u00e1 6 anos"},"chapeu":"Coronavirus","source":"slide"},"_links":{"self":[{"href":"https:\/\/portalv1.com.br\/api\/wp\/v2\/posts\/85331","targetHints":{"allow":["GET"]}}],"collection":[{"href":"https:\/\/portalv1.com.br\/api\/wp\/v2\/posts"}],"about":[{"href":"https:\/\/portalv1.com.br\/api\/wp\/v2\/types\/post"}],"author":[{"embeddable":true,"href":"https:\/\/portalv1.com.br\/api\/wp\/v2\/users\/1"}],"replies":[{"embeddable":true,"href":"https:\/\/portalv1.com.br\/api\/wp\/v2\/comments?post=85331"}],"version-history":[{"count":0,"href":"https:\/\/portalv1.com.br\/api\/wp\/v2\/posts\/85331\/revisions"}],"wp:featuredmedia":[{"embeddable":true,"href":"https:\/\/portalv1.com.br\/api\/wp\/v2\/media\/85332"}],"wp:attachment":[{"href":"https:\/\/portalv1.com.br\/api\/wp\/v2\/media?parent=85331"}],"wp:term":[{"taxonomy":"category","embeddable":true,"href":"https:\/\/portalv1.com.br\/api\/wp\/v2\/categories?post=85331"},{"taxonomy":"post_tag","embeddable":true,"href":"https:\/\/portalv1.com.br\/api\/wp\/v2\/tags?post=85331"}],"curies":[{"name":"wp","href":"https:\/\/api.w.org\/{rel}","templated":true}]}}