{"id":85392,"date":"2020-04-03T13:31:07","date_gmt":"2020-04-03T16:31:07","guid":{"rendered":"https:\/\/portalv1.com.br\/?p=85392"},"modified":"2020-04-03T22:40:14","modified_gmt":"2020-04-04T01:40:14","slug":"governo-anuncia-cortes-de-gastos-nos-contratos-devido-a-covid-19","status":"publish","type":"post","link":"https:\/\/portalv1.com.br\/governo-anuncia-cortes-de-gastos-nos-contratos-devido-a-covid-19\/","title":{"rendered":"Governo anuncia cortes de gastos nos contratos devido a Covid-19"},"content":{"rendered":"<p><a href=\"https:\/\/portalv1.com.br\/app\/wp-content\/uploads\/2020\/04\/merlong_1.jpg\"><img loading=\"lazy\" decoding=\"async\" class=\"aligncenter size-large wp-image-85393\" src=\"https:\/\/portalv1.com.br\/app\/wp-content\/uploads\/2020\/04\/merlong_1-640x427.jpg\" alt=\"\" width=\"640\" height=\"427\" srcset=\"https:\/\/portalv1.com.br\/app\/wp-content\/uploads\/2020\/04\/merlong_1-640x427.jpg 640w, https:\/\/portalv1.com.br\/app\/wp-content\/uploads\/2020\/04\/merlong_1-300x200.jpg 300w, https:\/\/portalv1.com.br\/app\/wp-content\/uploads\/2020\/04\/merlong_1.jpg 750w\" sizes=\"auto, (max-width: 640px) 100vw, 640px\" \/><\/a>O governo do Estado instituiu um Plano de Contingenciamento de Gastos, no \u00e2mbito da Administra\u00e7\u00e3o P\u00fablica Direta e Indireta. De acordo com a resolu\u00e7\u00e3o,&nbsp; ficam vetadas medidas&nbsp; como a celebra\u00e7\u00e3o de novos contratos e qualquer ato que possa aumentar as despesas do estado.<\/p>\n<p>A medida se deve a crise na sa\u00fade, com reflexos diretos na economia, provocada pela pandemia do coronav\u00edrus. O Piau\u00ed encontra-se em estado de calamidade e o governo pede que as pessoas fiquem em isolamento social. Com isso, a arrecada\u00e7\u00e3o do estado tem apresentado queda nos \u00faltimos meses.<\/p>\n<p>A resolu\u00e7\u00e3o tamb\u00e9m determina a suspens\u00e3o do in\u00edcio de novas obras no estado. \u201cFica vedado o in\u00edcio de novas obras, bem como reformas e novos projetos que representem aumento de despesa, assim como aquisi\u00e7\u00e3o de equipamentos ou material permanente\u201d, diz a resolu\u00e7\u00e3o.&nbsp;<\/p>\n<p>O plano suspende medidas como concess\u00e3o de passagens a\u00e9reas, de di\u00e1rias,&nbsp; consultorias e assessorias jur\u00eddicas, apresenta\u00e7\u00f5es art\u00edsticas, shows, festejos e eventos em geral, inclusive esportivos.&nbsp; Ficam limitadas a, no m\u00e1ximo, 50% do valor liquidado no m\u00eas de refer\u00eancia do exerc\u00edcio anterior, as despesas com material de consumo, suprimento de fundos, servi\u00e7o de terceiros pessoa f\u00edsica, loca\u00e7\u00e3o de ve\u00edculos, loca\u00e7\u00e3o de impressoras, loca\u00e7\u00e3o de equipamentos, exceto aqueles considerados essenciais, aquisi\u00e7\u00e3o de combust\u00edvel, manuten\u00e7\u00f5es de bens m\u00f3veis em geral (inclusive ve\u00edculos, e equipamentos) e servi\u00e7os gr\u00e1ficos.<\/p>\n<p>O secret\u00e1rio de Administra\u00e7\u00e3o, Merlong Solano, afirma que o corte de gastos \u00e9 a \u00fanica medida para evitar que o impacto na economia&nbsp; possa uma crise ainda maior.<\/p>\n<p>\u201cEssa medida decorrer das consequ\u00eancias diretas da pandemia do coronav\u00edrus. O governo instituiu o isolamento social porque n\u00e3os e tem vacina e nem cura. A \u00fanica forma de prevenir \u00e9 com o isolamento social. E isso causa impacto direto na economia porque tudo est\u00e1 parado. Os estados , munic\u00edpios e a Uni\u00e3o encontram com queda na arrecada\u00e7\u00e3o. Agora vamos fazer a economia da economia porque deste o in\u00edcio desse mandato do governador Wellington Dias (PT) que adotamos o corte anual de R$ 400 milh\u00f5es de despesas. Agora precisamos cortar mais\u201d, afirma Merlong.&nbsp;<\/p>\n<p>O governo quer cortar os contratos j\u00e1 existentes em 25%. \u201cEstamos vivendo uma crise que se assemelha a uma guerra. Os cortes s\u00f3 n\u00e3o atingir\u00e3o as \u00e1reas da seguran\u00e7a, sa\u00fade e assist\u00eancia social. Mas suspende&nbsp; novos contrato, despesas de passagens a\u00e9reas, despesas de atividades culturais e art\u00edsticas. E reduz algumas despesas em 50%. O governo manda fazer uma revis\u00e3o de todos os contratos para cortar em 25 %. \u00c9 uma medida severa\u201d, explica.&nbsp;<\/p>\n<p>A preocupa\u00e7\u00e3o maior do estado \u00e9 com a queda da arrecada\u00e7\u00e3o. \u201cEstive em uma videoconfer\u00eancia com o secret\u00e1rio Rafael Fonteles&nbsp; e ele disse que s\u00f3 n\u00e3o tiveram queda as \u00e1reas&nbsp; de farm\u00e1cia e de supermercado. Tem \u00e1rea que a redu\u00e7\u00e3o chega a 60% em alguns setores.&nbsp; Vai acontecer a queda do&nbsp; Fundo de Participa\u00e7\u00e3o dos&nbsp; Estados (FPE) e n\u00e3o sabemos em que medida o Governo Federal vai socorrer os estados. Estamos cortando na pr\u00f3pria carne\u201d, destacou.&nbsp;<\/p>\n","protected":false},"excerpt":{"rendered":"<p>O governo do Estado instituiu um Plano de Contingenciamento de Gastos, no \u00e2mbito da Administra\u00e7\u00e3o P\u00fablica Direta e Indireta. De acordo com a resolu\u00e7\u00e3o,&nbsp; ficam vetadas medidas&nbsp; como a celebra\u00e7\u00e3o&#8230;<\/p>\n","protected":false},"author":1,"featured_media":85393,"comment_status":"open","ping_status":"open","sticky":false,"template":"","format":"standard","meta":{"ngg_post_thumbnail":0,"footnotes":""},"categories":[12],"tags":[],"class_list":["post-85392","post","type-post","status-publish","format-standard","has-post-thumbnail","hentry","category-valenca-news"],"views":546,"meta_data":{"thumb":"https:\/\/portalv1.com.br\/app\/wp-content\/uploads\/2020\/04\/merlong_1.jpg","imagem":{"fullsize":{"url":"https:\/\/portalv1.com.br\/app\/wp-content\/uploads\/2020\/04\/merlong_1.jpg","width":750,"height":500},"medium":{"url":"https:\/\/portalv1.com.br\/app\/wp-content\/uploads\/2020\/04\/merlong_1-300x200.jpg","width":300,"height":200},"large":{"url":"https:\/\/portalv1.com.br\/app\/wp-content\/uploads\/2020\/04\/merlong_1-640x427.jpg","width":640,"height":427},"thumbnail":{"url":"https:\/\/portalv1.com.br\/app\/wp-content\/uploads\/2020\/04\/merlong_1-100x100.jpg","width":100,"height":100}},"data":{"simple":"03\/04\/2020","date_time":"03\/04\/2020 10:31:07","date":"h\u00e1 6 anos"},"chapeu":"Coronavirus","source":"retirar"},"_links":{"self":[{"href":"https:\/\/portalv1.com.br\/api\/wp\/v2\/posts\/85392","targetHints":{"allow":["GET"]}}],"collection":[{"href":"https:\/\/portalv1.com.br\/api\/wp\/v2\/posts"}],"about":[{"href":"https:\/\/portalv1.com.br\/api\/wp\/v2\/types\/post"}],"author":[{"embeddable":true,"href":"https:\/\/portalv1.com.br\/api\/wp\/v2\/users\/1"}],"replies":[{"embeddable":true,"href":"https:\/\/portalv1.com.br\/api\/wp\/v2\/comments?post=85392"}],"version-history":[{"count":0,"href":"https:\/\/portalv1.com.br\/api\/wp\/v2\/posts\/85392\/revisions"}],"wp:featuredmedia":[{"embeddable":true,"href":"https:\/\/portalv1.com.br\/api\/wp\/v2\/media\/85393"}],"wp:attachment":[{"href":"https:\/\/portalv1.com.br\/api\/wp\/v2\/media?parent=85392"}],"wp:term":[{"taxonomy":"category","embeddable":true,"href":"https:\/\/portalv1.com.br\/api\/wp\/v2\/categories?post=85392"},{"taxonomy":"post_tag","embeddable":true,"href":"https:\/\/portalv1.com.br\/api\/wp\/v2\/tags?post=85392"}],"curies":[{"name":"wp","href":"https:\/\/api.w.org\/{rel}","templated":true}]}}