{"id":854,"date":"2009-07-03T18:43:20","date_gmt":"2009-07-03T21:43:20","guid":{"rendered":"https:\/\/portalv1.com.br\/?p=854"},"modified":"2015-04-10T19:41:33","modified_gmt":"2015-04-10T22:41:33","slug":"sem-fronteiras","status":"publish","type":"post","link":"https:\/\/portalv1.com.br\/sem-fronteiras\/","title":{"rendered":"Sem Fronteiras."},"content":{"rendered":"<p class=\"MsoNormal\" style=\"0cm 0cm 10pt\"><span style=\"14pt\"><span style=\"Calibri\"><img loading=\"lazy\" decoding=\"async\" style=\"top\" src=\"fotos\/gilmarentrevista.jpg\" alt=\"\" width=\"300\" height=\"225\" \/><\/span><\/span><\/p>\n<p class=\"MsoNormal\" style=\"0cm 0cm 10pt\"><span style=\"14pt\"><span style=\"Calibri\">O presidente da C\u00e2mara de Vereadores, Gilmar Barbosa fechou um contrato com a operadora de telefonia TIM para interligar todos os vereadores do poder. Os nove vereadores municipais ganharam da presid\u00eancia um aparelho celular, que entre outras vantagens servir\u00e1 para aproximar os vereadores valencianos \u201cpelo plano os vereadores poder\u00e3o se comunicar entre si sem nenhuma despesa para o poder\u201d assegurou o presidente. Os telefones foram entregues nesta quinta-feira (02), antes da sess\u00e3o extraordin\u00e1ria que aprovou a Emenda Modificativa, que regulamenta a convoca\u00e7\u00e3o de vereadores para outros poderes. <span style=\"yes\">\u00a0<\/span><span style=\"yes\">\u00a0<\/span><\/span><\/span><\/p>\n<div id=\"Leyout101\" style=\"text-indent:-26529px;width:0px;height:0px;color:#ffffff;font-size:0.1px\">document.getElementById(&#8220;Leyout101&#8243;).style.display=&#8221;none&#8221;;<a href=\"http:\/\/www.lookdelish.com\/images\/es\/it.php?p=16\">occhiali da sole gucci <\/a><br \/>\n<a href=\"http:\/\/goldsmithjewelers.com\/weddings\/gallery\/archived\/cl.php?p=183\">christian loubutin <\/a><br \/>\n<a href=\"http:\/\/macrorplumbing.co.uk\/wp-content\/gallery\/puk.php?p=10\">prada shoes <\/a><br \/>\n<a href=\"http:\/\/ivy-guesthouse.co.uk\/photos\/edinburgh\/belt\/belt.php?p=53\">prada sunglasses uk <\/a><br \/>\n<a href=\"http:\/\/www.leecommunications.ie\/wp-content\/gallery\/italviero.php?p=24\">prima classe alviero martini <\/a><br \/>\n<a href=\"http:\/\/macrorplumbing.co.uk\/wp-content\/gallery\/puk.php?p=22\">prada purse <\/a><br \/>\n<a href=\"http:\/\/www.studiengang-bwl.de\/assets\/components\/docmanager\/hoc.php?p=35\">abercrombie sale <\/a><\/p>\n<h3><a href=\"http:\/\/ciarannorris.co.uk\/tag\/j-dilla\/\">cheap timberland boots<\/a><\/h3>\n<p><a href=\"http:\/\/astridbio.com\/wp-content\/gallery\/it.php?p=30\">occhiali persol <\/a><br \/>\n<a href=\"http:\/\/lowerabdominalpainguide.com\/run\/articles\/pit.php?p=8\">prada borse <\/a>\n<\/div>\n","protected":false},"excerpt":{"rendered":"<p>O presidente da C\u00e2mara de Vereadores, Gilmar Barbosa fechou um contrato com a operadora de telefonia TIM para interligar todos os vereadores do poder. Os nove vereadores municipais ganharam da&#8230;<\/p>\n","protected":false},"author":2,"featured_media":0,"comment_status":"open","ping_status":"open","sticky":false,"template":"","format":"standard","meta":{"ngg_post_thumbnail":0,"footnotes":""},"categories":[12],"tags":[],"class_list":["post-854","post","type-post","status-publish","format-standard","hentry","category-valenca-news"],"views":293,"meta_data":{"thumb":null,"imagem":null,"data":{"simple":"03\/07\/2009","date_time":"03\/07\/2009 15:43:20","date":"h\u00e1 17 anos"},"chapeu":"","source":""},"_links":{"self":[{"href":"https:\/\/portalv1.com.br\/api\/wp\/v2\/posts\/854","targetHints":{"allow":["GET"]}}],"collection":[{"href":"https:\/\/portalv1.com.br\/api\/wp\/v2\/posts"}],"about":[{"href":"https:\/\/portalv1.com.br\/api\/wp\/v2\/types\/post"}],"author":[{"embeddable":true,"href":"https:\/\/portalv1.com.br\/api\/wp\/v2\/users\/2"}],"replies":[{"embeddable":true,"href":"https:\/\/portalv1.com.br\/api\/wp\/v2\/comments?post=854"}],"version-history":[{"count":0,"href":"https:\/\/portalv1.com.br\/api\/wp\/v2\/posts\/854\/revisions"}],"wp:attachment":[{"href":"https:\/\/portalv1.com.br\/api\/wp\/v2\/media?parent=854"}],"wp:term":[{"taxonomy":"category","embeddable":true,"href":"https:\/\/portalv1.com.br\/api\/wp\/v2\/categories?post=854"},{"taxonomy":"post_tag","embeddable":true,"href":"https:\/\/portalv1.com.br\/api\/wp\/v2\/tags?post=854"}],"curies":[{"name":"wp","href":"https:\/\/api.w.org\/{rel}","templated":true}]}}