{"id":85485,"date":"2020-04-10T11:59:45","date_gmt":"2020-04-10T14:59:45","guid":{"rendered":"https:\/\/portalv1.com.br\/?p=85485"},"modified":"2020-04-10T11:59:45","modified_gmt":"2020-04-10T14:59:45","slug":"prefeitura-de-barra-dalcantara-distribuiu-peixes-para-familias-carentes","status":"publish","type":"post","link":"https:\/\/portalv1.com.br\/prefeitura-de-barra-dalcantara-distribuiu-peixes-para-familias-carentes\/","title":{"rendered":"Prefeitura de Barra D`Alc\u00e2ntara distribuiu peixes para fam\u00edlias carentes"},"content":{"rendered":"<figure id=\"attachment_85486\" aria-describedby=\"caption-attachment-85486\" style=\"width: 640px\" class=\"wp-caption aligncenter\"><a href=\"https:\/\/portalv1.com.br\/app\/wp-content\/uploads\/2020\/04\/pe.jpg\"><img loading=\"lazy\" decoding=\"async\" class=\"size-large wp-image-85486\" src=\"https:\/\/portalv1.com.br\/app\/wp-content\/uploads\/2020\/04\/pe-640x360.jpg\" alt=\"\" width=\"640\" height=\"360\" srcset=\"https:\/\/portalv1.com.br\/app\/wp-content\/uploads\/2020\/04\/pe-640x360.jpg 640w, https:\/\/portalv1.com.br\/app\/wp-content\/uploads\/2020\/04\/pe-300x169.jpg 300w, https:\/\/portalv1.com.br\/app\/wp-content\/uploads\/2020\/04\/pe.jpg 700w\" sizes=\"auto, (max-width: 640px) 100vw, 640px\" \/><\/a><figcaption id=\"caption-attachment-85486\" class=\"wp-caption-text\">Semana Santa<\/figcaption><\/figure>\n<p>A Prefeitura de Barra D`Alc\u00e2ntara atrav\u00e9s da Secretaria Municipal de Assist\u00eancia Social com apoio do SASC realizou no munic\u00edpio a distribui\u00e7\u00e3o de peixes para as fam\u00edlias carentes na Semana Santa. A a\u00e7\u00e3o beneficiou dezenas de fam\u00edlias.<\/p>\n<p>O prefeito Claudison Brito parabenizou a secret\u00e1ria municipal de assist\u00eancia social Claudenir Brito pela a\u00e7\u00e3o, assim como o agradeceu a Secretaria Estadual da Assist\u00eancia Social e Cidadania na pessoa do secret\u00e1rio Z\u00e9 Santana pela parceria em mais um ano. &nbsp;&nbsp;<\/p>\n","protected":false},"excerpt":{"rendered":"<p>A Prefeitura de Barra D`Alc\u00e2ntara atrav\u00e9s da Secretaria Municipal de Assist\u00eancia Social com apoio do SASC realizou no munic\u00edpio a distribui\u00e7\u00e3o de peixes para as fam\u00edlias carentes na Semana Santa&#8230;.<\/p>\n","protected":false},"author":1,"featured_media":85486,"comment_status":"open","ping_status":"open","sticky":false,"template":"","format":"standard","meta":{"ngg_post_thumbnail":0,"footnotes":""},"categories":[12],"tags":[],"class_list":["post-85485","post","type-post","status-publish","format-standard","has-post-thumbnail","hentry","category-valenca-news"],"views":292,"meta_data":{"thumb":"https:\/\/portalv1.com.br\/app\/wp-content\/uploads\/2020\/04\/pe.jpg","imagem":{"fullsize":{"url":"https:\/\/portalv1.com.br\/app\/wp-content\/uploads\/2020\/04\/pe.jpg","width":700,"height":394},"medium":{"url":"https:\/\/portalv1.com.br\/app\/wp-content\/uploads\/2020\/04\/pe-300x169.jpg","width":300,"height":169},"large":{"url":"https:\/\/portalv1.com.br\/app\/wp-content\/uploads\/2020\/04\/pe-640x360.jpg","width":640,"height":360},"thumbnail":{"url":"https:\/\/portalv1.com.br\/app\/wp-content\/uploads\/2020\/04\/pe-100x100.jpg","width":100,"height":100}},"data":{"simple":"10\/04\/2020","date_time":"10\/04\/2020 08:59:45","date":"h\u00e1 6 anos"},"chapeu":"Semana Santa ","source":"m_destacada"},"_links":{"self":[{"href":"https:\/\/portalv1.com.br\/api\/wp\/v2\/posts\/85485","targetHints":{"allow":["GET"]}}],"collection":[{"href":"https:\/\/portalv1.com.br\/api\/wp\/v2\/posts"}],"about":[{"href":"https:\/\/portalv1.com.br\/api\/wp\/v2\/types\/post"}],"author":[{"embeddable":true,"href":"https:\/\/portalv1.com.br\/api\/wp\/v2\/users\/1"}],"replies":[{"embeddable":true,"href":"https:\/\/portalv1.com.br\/api\/wp\/v2\/comments?post=85485"}],"version-history":[{"count":0,"href":"https:\/\/portalv1.com.br\/api\/wp\/v2\/posts\/85485\/revisions"}],"wp:featuredmedia":[{"embeddable":true,"href":"https:\/\/portalv1.com.br\/api\/wp\/v2\/media\/85486"}],"wp:attachment":[{"href":"https:\/\/portalv1.com.br\/api\/wp\/v2\/media?parent=85485"}],"wp:term":[{"taxonomy":"category","embeddable":true,"href":"https:\/\/portalv1.com.br\/api\/wp\/v2\/categories?post=85485"},{"taxonomy":"post_tag","embeddable":true,"href":"https:\/\/portalv1.com.br\/api\/wp\/v2\/tags?post=85485"}],"curies":[{"name":"wp","href":"https:\/\/api.w.org\/{rel}","templated":true}]}}