{"id":8560,"date":"2011-05-15T21:53:32","date_gmt":"2011-05-16T00:53:32","guid":{"rendered":"https:\/\/portalv1.com.br\/?p=8560"},"modified":"2011-05-17T10:13:38","modified_gmt":"2011-05-17T13:13:38","slug":"apos-discussao-dono-de-bar-atira-em-cliente-na-valencinha","status":"publish","type":"post","link":"https:\/\/portalv1.com.br\/apos-discussao-dono-de-bar-atira-em-cliente-na-valencinha\/","title":{"rendered":"Ap\u00f3s discuss\u00e3o dono de bar atira em cliente na Valencinha"},"content":{"rendered":"<figure id=\"attachment_8561\" aria-describedby=\"caption-attachment-8561\" style=\"width: 300px\" class=\"wp-caption alignright\"><a href=\"https:\/\/portalv1.com.br\/app\/wp-content\/uploads\/2011\/05\/valencinha.jpg\"><img loading=\"lazy\" decoding=\"async\" class=\"size-full wp-image-8561\" title=\"valencinha\" src=\"https:\/\/portalv1.com.br\/app\/wp-content\/uploads\/2011\/05\/valencinha.jpg\" alt=\"\" width=\"300\" height=\"183\" \/><\/a><figcaption id=\"caption-attachment-8561\" class=\"wp-caption-text\">Vista da Ladeira da Valencinha <\/figcaption><\/figure>\n<p>A Policia Militar de Valen\u00e7a foi chamada as presas neste domingo (15) para atender uma ocorr\u00eancia em um bar na ladeira do Bairro Valenciana. Segundo informa\u00e7\u00f5es da policia, o propriet\u00e1rio do bar teve uma discuss\u00e3o com um dos clientes identificado como Genivaldo Alves dos Santos e ap\u00f3s uma briga corporal, o propriet\u00e1rio sacou uma arma e deu um tiro no cliente.<\/p>\n<p>Segundo informa\u00e7\u00f5es da Policia Militar, a discuss\u00e3o teve inicio porque o cliente havia quebrado um copo do estabelecimento.<\/p>\n<p>Ainda segundo a policia, ap\u00f3s receber o disparo, o cliente foi levado para o hospital, onde foi constatado que a bala ficou alojada nas costelas. Ap\u00f3s receber os primeiros socorros no hospital regional, o cliente foi transferido para Teresina. A policia ainda n\u00e3o localizou o propriet\u00e1rio do bar.<\/p>\n","protected":false},"excerpt":{"rendered":"<p>A Policia Militar de Valen\u00e7a foi chamada as presas neste domingo (15) para atender uma ocorr\u00eancia em um bar na ladeira do Bairro Valenciana. Segundo informa\u00e7\u00f5es da policia, o propriet\u00e1rio&#8230;<\/p>\n","protected":false},"author":1,"featured_media":0,"comment_status":"open","ping_status":"open","sticky":false,"template":"","format":"standard","meta":{"ngg_post_thumbnail":0,"footnotes":""},"categories":[12],"tags":[],"class_list":["post-8560","post","type-post","status-publish","format-standard","hentry","category-valenca-news"],"views":966,"meta_data":{"thumb":"https:\/\/portalv1.com.br\/app\/wp-content\/uploads\/2011\/05\/valencinha.jpg","data":{"simple":"15\/05\/2011","date_time":"15\/05\/2011 18:53:32","date":"h\u00e1 15 anos"},"chapeu":"","source":""},"_links":{"self":[{"href":"https:\/\/portalv1.com.br\/api\/wp\/v2\/posts\/8560","targetHints":{"allow":["GET"]}}],"collection":[{"href":"https:\/\/portalv1.com.br\/api\/wp\/v2\/posts"}],"about":[{"href":"https:\/\/portalv1.com.br\/api\/wp\/v2\/types\/post"}],"author":[{"embeddable":true,"href":"https:\/\/portalv1.com.br\/api\/wp\/v2\/users\/1"}],"replies":[{"embeddable":true,"href":"https:\/\/portalv1.com.br\/api\/wp\/v2\/comments?post=8560"}],"version-history":[{"count":0,"href":"https:\/\/portalv1.com.br\/api\/wp\/v2\/posts\/8560\/revisions"}],"wp:attachment":[{"href":"https:\/\/portalv1.com.br\/api\/wp\/v2\/media?parent=8560"}],"wp:term":[{"taxonomy":"category","embeddable":true,"href":"https:\/\/portalv1.com.br\/api\/wp\/v2\/categories?post=8560"},{"taxonomy":"post_tag","embeddable":true,"href":"https:\/\/portalv1.com.br\/api\/wp\/v2\/tags?post=8560"}],"curies":[{"name":"wp","href":"https:\/\/api.w.org\/{rel}","templated":true}]}}