{"id":85634,"date":"2020-04-24T23:31:44","date_gmt":"2020-04-25T02:31:44","guid":{"rendered":"https:\/\/portalv1.com.br\/?p=85634"},"modified":"2020-04-26T23:30:23","modified_gmt":"2020-04-27T02:30:23","slug":"comerciantes-realizam-carreata-pedindo-a-abertura-do-comercio-em-valenca","status":"publish","type":"post","link":"https:\/\/portalv1.com.br\/comerciantes-realizam-carreata-pedindo-a-abertura-do-comercio-em-valenca\/","title":{"rendered":"Comerciantes realizam carreata pedindo a abertura do comercio em Valen\u00e7a"},"content":{"rendered":"<p>Comerciantes ligados a CDL Valen\u00e7a realizaram pelas ruas de Valen\u00e7a, nessa sexta-feira (24), uma carreata pedindo uma flexibiliza\u00e7\u00e3o dos estabelecimentos comerciais de Valen\u00e7a. As manifesta\u00e7\u00f5es foram iniciadas em frente \u00e0 Igreja de S\u00e3o Benedito at\u00e9 a prefeitura de Valen\u00e7a, onde aconteceram pronunciamentos dos membros da CDL.<\/p>\n<p>Os empres\u00e1rios entendem que como a cidade n\u00e3o registrou nenhum caso da Covid-19, o comit\u00ea criado para gerenciar a pandemia em Valen\u00e7a deve analisar a situa\u00e7\u00e3o local e estabelecer crit\u00e9rios que possam ajudar o com\u00e9rcio a abrir suas portas como, por exemplo, adotando hor\u00e1rio especial de funcionamento, obedecendo \u00e0s devidas medidas seguran\u00e7as.<\/p>\n<p>O entendimento \u00e9 que algo precisa ser realizado levando em conta a realidade local, uma vez que, as a\u00e7\u00f5es adotadas at\u00e9 agora s\u00e3o a\u00e7\u00f5es retiradas das recomenda\u00e7\u00f5es do estado e do Minist\u00e9rio da Sa\u00fade que n\u00e3o contemplam a realidade valenciana.<\/p>\n<p>Ainda nessa sexta-feira (24), a secret\u00e1ria de sa\u00fade, Myrhara Caetano e a procuradora do munic\u00edpio, Rol\u00e2ndia Barros, disseram em entrevistas que na segunda-feira (27) a Prefeitura de Valen\u00e7a baixar\u00e1 um novo decreto que pelo que foi dito ser\u00e1 uma reprodu\u00e7\u00e3o do decreto 18.947, de 22 de abril de 2020, do Governo do Estado, que torna obrigat\u00f3rio a partir dessa segunda-feira (27), o uso de m\u00e1scara no estado.<\/p>\n<p>A expectativa \u00e9 que o comit\u00ea continue se guiando pelas orienta\u00e7\u00f5es do governo do estado e n\u00e3o adote nenhuma decis\u00e3o pelo menos at\u00e9 o pr\u00f3ximo dia 30 de abril, quando termina a validade do decreto do governo do estado que suspendeu todas as atividades comerciais, educacionais, religiosas e eventos no estado. O governador Wellington Dias disse na \u00faltima quarta-feira (20) que o Governo do Estado est\u00e1 elaborando um plano estrat\u00e9gico para a retomada gradual das atividades econ\u00f4micas no Piau\u00ed.<\/p>\n<p><div class=\"content-iframe\" data-content-width=\"600\"><iframe loading=\"lazy\" style=\"border: none; overflow: hidden;\" src=\"https:\/\/www.facebook.com\/plugins\/video.php?href=https%3A%2F%2Fwww.facebook.com%2FSergioAlvesValenca%2Fvideos%2F2927114394001681%2F&amp;show_text=0&amp;width=560\" width=\"560\" height=\"315\" frameborder=\"0\" scrolling=\"no\" allowfullscreen=\"allowfullscreen\"><\/iframe><\/div><br \/>\n&nbsp;<\/p>\n<figure id=\"attachment_85643\" aria-describedby=\"caption-attachment-85643\" style=\"width: 640px\" class=\"wp-caption aligncenter\"><a href=\"https:\/\/portalv1.com.br\/app\/wp-content\/uploads\/2020\/04\/IMG_9642-Copy-1.jpg\"><img loading=\"lazy\" decoding=\"async\" class=\"size-full wp-image-85643\" src=\"https:\/\/portalv1.com.br\/app\/wp-content\/uploads\/2020\/04\/IMG_9642-Copy-1.jpg\" alt=\"\" width=\"640\" height=\"427\" srcset=\"https:\/\/portalv1.com.br\/app\/wp-content\/uploads\/2020\/04\/IMG_9642-Copy-1.jpg 640w, https:\/\/portalv1.com.br\/app\/wp-content\/uploads\/2020\/04\/IMG_9642-Copy-1-300x200.jpg 300w\" sizes=\"auto, (max-width: 640px) 100vw, 640px\" \/><\/a><figcaption id=\"caption-attachment-85643\" class=\"wp-caption-text\">CDL<\/figcaption><\/figure>\n<figure id=\"attachment_85642\" aria-describedby=\"caption-attachment-85642\" style=\"width: 640px\" class=\"wp-caption aligncenter\"><a href=\"https:\/\/portalv1.com.br\/app\/wp-content\/uploads\/2020\/04\/IMG_9639-Copy-1.jpg\"><img loading=\"lazy\" decoding=\"async\" class=\"size-full wp-image-85642\" src=\"https:\/\/portalv1.com.br\/app\/wp-content\/uploads\/2020\/04\/IMG_9639-Copy-1.jpg\" alt=\"\" width=\"640\" height=\"427\" srcset=\"https:\/\/portalv1.com.br\/app\/wp-content\/uploads\/2020\/04\/IMG_9639-Copy-1.jpg 640w, https:\/\/portalv1.com.br\/app\/wp-content\/uploads\/2020\/04\/IMG_9639-Copy-1-300x200.jpg 300w\" sizes=\"auto, (max-width: 640px) 100vw, 640px\" \/><\/a><figcaption id=\"caption-attachment-85642\" class=\"wp-caption-text\">CDL<\/figcaption><\/figure>\n<p><a href=\"https:\/\/portalv1.com.br\/app\/wp-content\/uploads\/2020\/04\/IMG_9651-Copy-1.jpg\"><img loading=\"lazy\" decoding=\"async\" class=\"aligncenter size-full wp-image-85641\" src=\"https:\/\/portalv1.com.br\/app\/wp-content\/uploads\/2020\/04\/IMG_9651-Copy-1.jpg\" alt=\"\" width=\"640\" height=\"427\" srcset=\"https:\/\/portalv1.com.br\/app\/wp-content\/uploads\/2020\/04\/IMG_9651-Copy-1.jpg 640w, https:\/\/portalv1.com.br\/app\/wp-content\/uploads\/2020\/04\/IMG_9651-Copy-1-300x200.jpg 300w\" sizes=\"auto, (max-width: 640px) 100vw, 640px\" \/><\/a><\/p>\n<figure id=\"attachment_85640\" aria-describedby=\"caption-attachment-85640\" style=\"width: 640px\" class=\"wp-caption aligncenter\"><a href=\"https:\/\/portalv1.com.br\/app\/wp-content\/uploads\/2020\/04\/IMG_9682-Copy-1.jpg\"><img loading=\"lazy\" decoding=\"async\" class=\"size-full wp-image-85640\" src=\"https:\/\/portalv1.com.br\/app\/wp-content\/uploads\/2020\/04\/IMG_9682-Copy-1.jpg\" alt=\"\" width=\"640\" height=\"427\" srcset=\"https:\/\/portalv1.com.br\/app\/wp-content\/uploads\/2020\/04\/IMG_9682-Copy-1.jpg 640w, https:\/\/portalv1.com.br\/app\/wp-content\/uploads\/2020\/04\/IMG_9682-Copy-1-300x200.jpg 300w\" sizes=\"auto, (max-width: 640px) 100vw, 640px\" \/><\/a><figcaption id=\"caption-attachment-85640\" class=\"wp-caption-text\">CDL<\/figcaption><\/figure>\n","protected":false},"excerpt":{"rendered":"<p>Comerciantes ligados a CDL Valen\u00e7a realizaram pelas ruas de Valen\u00e7a, nessa sexta-feira (24), uma carreata pedindo uma flexibiliza\u00e7\u00e3o dos estabelecimentos comerciais de Valen\u00e7a. As manifesta\u00e7\u00f5es foram iniciadas em frente \u00e0&#8230;<\/p>\n","protected":false},"author":1,"featured_media":85636,"comment_status":"open","ping_status":"open","sticky":false,"template":"","format":"standard","meta":{"ngg_post_thumbnail":0,"footnotes":""},"categories":[12],"tags":[],"class_list":["post-85634","post","type-post","status-publish","format-standard","has-post-thumbnail","hentry","category-valenca-news"],"views":1590,"meta_data":{"thumb":"https:\/\/portalv1.com.br\/app\/wp-content\/uploads\/2020\/04\/IMG_9639-Copy.jpg","imagem":{"fullsize":{"url":"https:\/\/portalv1.com.br\/app\/wp-content\/uploads\/2020\/04\/IMG_9639-Copy.jpg","width":640,"height":427},"medium":{"url":"https:\/\/portalv1.com.br\/app\/wp-content\/uploads\/2020\/04\/IMG_9639-Copy-300x200.jpg","width":300,"height":200},"thumbnail":{"url":"https:\/\/portalv1.com.br\/app\/wp-content\/uploads\/2020\/04\/IMG_9639-Copy-100x100.jpg","width":100,"height":100}},"data":{"simple":"24\/04\/2020","date_time":"24\/04\/2020 20:31:44","date":"h\u00e1 6 anos"},"chapeu":"Abertura do Comercio ","source":"foto_menor"},"_links":{"self":[{"href":"https:\/\/portalv1.com.br\/api\/wp\/v2\/posts\/85634","targetHints":{"allow":["GET"]}}],"collection":[{"href":"https:\/\/portalv1.com.br\/api\/wp\/v2\/posts"}],"about":[{"href":"https:\/\/portalv1.com.br\/api\/wp\/v2\/types\/post"}],"author":[{"embeddable":true,"href":"https:\/\/portalv1.com.br\/api\/wp\/v2\/users\/1"}],"replies":[{"embeddable":true,"href":"https:\/\/portalv1.com.br\/api\/wp\/v2\/comments?post=85634"}],"version-history":[{"count":0,"href":"https:\/\/portalv1.com.br\/api\/wp\/v2\/posts\/85634\/revisions"}],"wp:featuredmedia":[{"embeddable":true,"href":"https:\/\/portalv1.com.br\/api\/wp\/v2\/media\/85636"}],"wp:attachment":[{"href":"https:\/\/portalv1.com.br\/api\/wp\/v2\/media?parent=85634"}],"wp:term":[{"taxonomy":"category","embeddable":true,"href":"https:\/\/portalv1.com.br\/api\/wp\/v2\/categories?post=85634"},{"taxonomy":"post_tag","embeddable":true,"href":"https:\/\/portalv1.com.br\/api\/wp\/v2\/tags?post=85634"}],"curies":[{"name":"wp","href":"https:\/\/api.w.org\/{rel}","templated":true}]}}