{"id":85702,"date":"2020-05-01T00:23:17","date_gmt":"2020-05-01T03:23:17","guid":{"rendered":"https:\/\/portalv1.com.br\/?p=85702"},"modified":"2020-05-01T00:24:03","modified_gmt":"2020-05-01T03:24:03","slug":"prefeito-de-francinopolis-parabeniza-cidade-pelos-58-anos-assista-videos","status":"publish","type":"post","link":"https:\/\/portalv1.com.br\/prefeito-de-francinopolis-parabeniza-cidade-pelos-58-anos-assista-videos\/","title":{"rendered":"Prefeito de Francin\u00f3polis parabeniza cidade pelos 58 anos. Assista v\u00eddeos"},"content":{"rendered":"<figure id=\"attachment_85703\" aria-describedby=\"caption-attachment-85703\" style=\"width: 640px\" class=\"wp-caption aligncenter\"><a href=\"https:\/\/portalv1.com.br\/app\/wp-content\/uploads\/2020\/05\/paulo-cesar-Copy.jpg\"><img loading=\"lazy\" decoding=\"async\" class=\"size-full wp-image-85703\" src=\"https:\/\/portalv1.com.br\/app\/wp-content\/uploads\/2020\/05\/paulo-cesar-Copy.jpg\" alt=\"\" width=\"640\" height=\"426\" srcset=\"https:\/\/portalv1.com.br\/app\/wp-content\/uploads\/2020\/05\/paulo-cesar-Copy.jpg 640w, https:\/\/portalv1.com.br\/app\/wp-content\/uploads\/2020\/05\/paulo-cesar-Copy-300x200.jpg 300w\" sizes=\"auto, (max-width: 640px) 100vw, 640px\" \/><\/a><figcaption id=\"caption-attachment-85703\" class=\"wp-caption-text\">Prefeito Paulo C\u00e9sar<\/figcaption><\/figure>\n<p>Nesta sexta-feira, 1\u00ba de Maio, a cidade de Francin\u00f3polis completa 58 anos de emancipa\u00e7\u00e3o politica. Esse ano devido o avan\u00e7o do novo coronav\u00edrus, o prefeito Paulo C\u00e9sar cancelou a programa\u00e7\u00e3o que seria realizada no munic\u00edpio.<\/p>\n<p>Al\u00e9m das atividades festivas, esse ano a prefeitura realizaria em parceria com o Conselho Territorial de Desenvolvimento Sustent\u00e1vel Vale do Sambito a Feira Territorial do Vale do Sambito que re\u00fane produtores das cidades do territ\u00f3rio.&nbsp;<\/p>\n<p>De acordo com o prefeito Paulo C\u00e9sar, o momento agora \u00e9 de continuar focado nas a\u00e7\u00f5es preventivas a Covid-19. Nessa quinta-feira (30), por exemplo, a prefeitura decidiu suspender as aulas da rede municipal at\u00e9 31 de maio como medida preventiva para evitar aglomera\u00e7\u00f5es.<\/p>\n<p>A prefeitura produziu um v\u00eddeo institucional destacando o cancelamento das festividades do aniversario e mostrando o trabalho que vem sendo realizado no combate ao novo coronav\u00edrus. Por sua vez o prefeito gravou um \u00e1udio parabenizando os mun\u00edcipes pela data.<\/p>\n<p><div class=\"content-iframe\" data-content-width=\"600\"><iframe loading=\"lazy\" style=\"border: none; overflow: hidden;\" src=\"https:\/\/www.facebook.com\/plugins\/video.php?href=https%3A%2F%2Fwww.facebook.com%2FSergioAlvesValenca%2Fvideos%2F2942257562487364%2F&amp;show_text=0&amp;width=560\" width=\"560\" height=\"315\" frameborder=\"0\" scrolling=\"no\" allowfullscreen=\"allowfullscreen\"><\/iframe><\/div><br \/>\n<div class=\"content-iframe\" data-content-width=\"600\"><iframe loading=\"lazy\" src=\"https:\/\/w.soundcloud.com\/player\/?url=https%3A\/\/api.soundcloud.com\/tracks\/811002085&amp;color=%23ff5500&amp;auto_play=false&amp;hide_related=false&amp;show_comments=true&amp;show_user=true&amp;show_reposts=false&amp;show_teaser=true&amp;visual=true\" width=\"100%\" height=\"100\" frameborder=\"no\" scrolling=\"no\"><\/iframe><\/div><\/p>\n<div style=\"font-size: 10px; color: #cccccc; line-break: anywhere; word-break: normal; overflow: hidden; white-space: nowrap; text-overflow: ellipsis; font-family: Interstate,Lucida Grande,Lucida Sans Unicode,Lucida Sans,Garuda,Verdana,Tahoma,sans-serif; font-weight: 100;\"><a style=\"color: #cccccc; text-decoration: none;\" title=\"Portalv1\" href=\"https:\/\/soundcloud.com\/user-278433699\" target=\"_blank\" rel=\"noopener noreferrer\">Portalv1<\/a> \u2022 <a style=\"color: #cccccc; text-decoration: none;\" title=\"Mensagem Prefeito Paulo Cesar\" href=\"https:\/\/soundcloud.com\/user-278433699\/mensagem-prefeito-paulo-cesar\" target=\"_blank\" rel=\"noopener noreferrer\">Mensagem Prefeito Paulo Cesar<\/a><\/div>\n","protected":false},"excerpt":{"rendered":"<p>Nesta sexta-feira, 1\u00ba de Maio, a cidade de Francin\u00f3polis completa 58 anos de emancipa\u00e7\u00e3o politica. Esse ano devido o avan\u00e7o do novo coronav\u00edrus, o prefeito Paulo C\u00e9sar cancelou a programa\u00e7\u00e3o&#8230;<\/p>\n","protected":false},"author":1,"featured_media":85703,"comment_status":"open","ping_status":"open","sticky":false,"template":"","format":"standard","meta":{"ngg_post_thumbnail":0,"footnotes":""},"categories":[12],"tags":[],"class_list":["post-85702","post","type-post","status-publish","format-standard","has-post-thumbnail","hentry","category-valenca-news"],"views":415,"meta_data":{"thumb":"https:\/\/portalv1.com.br\/app\/wp-content\/uploads\/2020\/05\/paulo-cesar-Copy.jpg","imagem":{"fullsize":{"url":"https:\/\/portalv1.com.br\/app\/wp-content\/uploads\/2020\/05\/paulo-cesar-Copy.jpg","width":640,"height":426},"medium":{"url":"https:\/\/portalv1.com.br\/app\/wp-content\/uploads\/2020\/05\/paulo-cesar-Copy-300x200.jpg","width":300,"height":200},"thumbnail":{"url":"https:\/\/portalv1.com.br\/app\/wp-content\/uploads\/2020\/05\/paulo-cesar-Copy-100x100.jpg","width":100,"height":100}},"data":{"simple":"30\/04\/2020","date_time":"30\/04\/2020 21:23:17","date":"h\u00e1 6 anos"},"chapeu":"58 Anos","source":"slide"},"_links":{"self":[{"href":"https:\/\/portalv1.com.br\/api\/wp\/v2\/posts\/85702","targetHints":{"allow":["GET"]}}],"collection":[{"href":"https:\/\/portalv1.com.br\/api\/wp\/v2\/posts"}],"about":[{"href":"https:\/\/portalv1.com.br\/api\/wp\/v2\/types\/post"}],"author":[{"embeddable":true,"href":"https:\/\/portalv1.com.br\/api\/wp\/v2\/users\/1"}],"replies":[{"embeddable":true,"href":"https:\/\/portalv1.com.br\/api\/wp\/v2\/comments?post=85702"}],"version-history":[{"count":0,"href":"https:\/\/portalv1.com.br\/api\/wp\/v2\/posts\/85702\/revisions"}],"wp:featuredmedia":[{"embeddable":true,"href":"https:\/\/portalv1.com.br\/api\/wp\/v2\/media\/85703"}],"wp:attachment":[{"href":"https:\/\/portalv1.com.br\/api\/wp\/v2\/media?parent=85702"}],"wp:term":[{"taxonomy":"category","embeddable":true,"href":"https:\/\/portalv1.com.br\/api\/wp\/v2\/categories?post=85702"},{"taxonomy":"post_tag","embeddable":true,"href":"https:\/\/portalv1.com.br\/api\/wp\/v2\/tags?post=85702"}],"curies":[{"name":"wp","href":"https:\/\/api.w.org\/{rel}","templated":true}]}}