{"id":85742,"date":"2020-05-04T21:42:43","date_gmt":"2020-05-05T00:42:43","guid":{"rendered":"https:\/\/portalv1.com.br\/?p=85742"},"modified":"2020-05-05T22:41:31","modified_gmt":"2020-05-06T01:41:31","slug":"foragido-por-estupro-na-cidade-de-inhuma-e-preso-em-sao-paulo","status":"publish","type":"post","link":"https:\/\/portalv1.com.br\/foragido-por-estupro-na-cidade-de-inhuma-e-preso-em-sao-paulo\/","title":{"rendered":"Foragido por estupro na cidade de Inhuma \u00e9 preso em S\u00e3o Paulo"},"content":{"rendered":"<figure id=\"attachment_27534\" aria-describedby=\"caption-attachment-27534\" style=\"width: 479px\" class=\"wp-caption aligncenter\"><a href=\"https:\/\/portalv1.com.br\/app\/wp-content\/uploads\/2017\/01\/01.jpg\"><img loading=\"lazy\" decoding=\"async\" class=\"size-full wp-image-27534\" src=\"https:\/\/portalv1.com.br\/app\/wp-content\/uploads\/2017\/01\/01.jpg\" alt=\"\" width=\"479\" height=\"480\" srcset=\"https:\/\/portalv1.com.br\/app\/wp-content\/uploads\/2017\/01\/01.jpg 479w, https:\/\/portalv1.com.br\/app\/wp-content\/uploads\/2017\/01\/01-100x100.jpg 100w, https:\/\/portalv1.com.br\/app\/wp-content\/uploads\/2017\/01\/01-300x301.jpg 300w\" sizes=\"auto, (max-width: 479px) 100vw, 479px\" \/><\/a><figcaption id=\"caption-attachment-27534\" class=\"wp-caption-text\">For\u00e7a T\u00e1tica<\/figcaption><\/figure>\n<p>Foi preso na tarde desta segunda-feira (04) em S\u00e3o Mateus, estado de S\u00e3o Paulo um piauiense foragido pelo crime de estupro de vulner\u00e1vel.<\/p>\n<p>L.J.L.S (45) foi condenado pelo crime de estupro de vulner\u00e1vel na cidade de Inhuma, o crime ocorreu no ano de 2012, tendo como v\u00edtima uma adolescente de 13 anos de idade.<\/p>\n<p>O suspeito foi condenado h\u00e1 10 anos e 03 meses pelo magistrado da comarca de Inhuma e at\u00e9 ent\u00e3o seu paradeiro era desconhecido.<\/p>\n<p>Ap\u00f3s levantamos e troca de informa\u00e7\u00f5es entre equipes de intelig\u00eancia da For\u00e7a T\u00e1tica de Valen\u00e7a e a Pol\u00edcia Militar de S\u00e3o Paulo, o foragido foi localizado e na tarde de hoje capturado e apresentado no distrito policial de S\u00e3o Mateus.<\/p>\n","protected":false},"excerpt":{"rendered":"<p>Foi preso na tarde desta segunda-feira (04) em S\u00e3o Mateus, estado de S\u00e3o Paulo um piauiense foragido pelo crime de estupro de vulner\u00e1vel. L.J.L.S (45) foi condenado pelo crime de&#8230;<\/p>\n","protected":false},"author":1,"featured_media":27534,"comment_status":"open","ping_status":"open","sticky":false,"template":"","format":"standard","meta":{"ngg_post_thumbnail":0,"footnotes":""},"categories":[12],"tags":[],"class_list":["post-85742","post","type-post","status-publish","format-standard","has-post-thumbnail","hentry","category-valenca-news"],"views":766,"meta_data":{"thumb":"https:\/\/portalv1.com.br\/app\/wp-content\/uploads\/2017\/01\/01.jpg","imagem":{"fullsize":{"url":"https:\/\/portalv1.com.br\/app\/wp-content\/uploads\/2017\/01\/01.jpg","width":479,"height":480},"thumbnail":{"url":"https:\/\/portalv1.com.br\/app\/wp-content\/uploads\/2017\/01\/01-100x100.jpg","width":100,"height":100},"medium":{"url":"https:\/\/portalv1.com.br\/app\/wp-content\/uploads\/2017\/01\/01-300x301.jpg","width":300,"height":301}},"data":{"simple":"04\/05\/2020","date_time":"04\/05\/2020 18:42:43","date":"h\u00e1 6 anos"},"chapeu":"Integra\u00e7\u00e3o Policial ","source":"retirar"},"_links":{"self":[{"href":"https:\/\/portalv1.com.br\/api\/wp\/v2\/posts\/85742","targetHints":{"allow":["GET"]}}],"collection":[{"href":"https:\/\/portalv1.com.br\/api\/wp\/v2\/posts"}],"about":[{"href":"https:\/\/portalv1.com.br\/api\/wp\/v2\/types\/post"}],"author":[{"embeddable":true,"href":"https:\/\/portalv1.com.br\/api\/wp\/v2\/users\/1"}],"replies":[{"embeddable":true,"href":"https:\/\/portalv1.com.br\/api\/wp\/v2\/comments?post=85742"}],"version-history":[{"count":0,"href":"https:\/\/portalv1.com.br\/api\/wp\/v2\/posts\/85742\/revisions"}],"wp:featuredmedia":[{"embeddable":true,"href":"https:\/\/portalv1.com.br\/api\/wp\/v2\/media\/27534"}],"wp:attachment":[{"href":"https:\/\/portalv1.com.br\/api\/wp\/v2\/media?parent=85742"}],"wp:term":[{"taxonomy":"category","embeddable":true,"href":"https:\/\/portalv1.com.br\/api\/wp\/v2\/categories?post=85742"},{"taxonomy":"post_tag","embeddable":true,"href":"https:\/\/portalv1.com.br\/api\/wp\/v2\/tags?post=85742"}],"curies":[{"name":"wp","href":"https:\/\/api.w.org\/{rel}","templated":true}]}}