{"id":85772,"date":"2020-05-07T11:04:33","date_gmt":"2020-05-07T14:04:33","guid":{"rendered":"https:\/\/portalv1.com.br\/?p=85772"},"modified":"2020-05-07T11:04:33","modified_gmt":"2020-05-07T14:04:33","slug":"governador-wellington-dias-antecipa-dia-do-piaui-para-15-de-maio","status":"publish","type":"post","link":"https:\/\/portalv1.com.br\/governador-wellington-dias-antecipa-dia-do-piaui-para-15-de-maio\/","title":{"rendered":"Governador Wellington Dias antecipa Dia do Piau\u00ed para 15 de maio"},"content":{"rendered":"<figure id=\"attachment_85773\" aria-describedby=\"caption-attachment-85773\" style=\"width: 640px\" class=\"wp-caption aligncenter\"><img loading=\"lazy\" decoding=\"async\" class=\"size-full wp-image-85773\" src=\"https:\/\/portalv1.com.br\/app\/wp-content\/uploads\/2020\/05\/wellington-dias-Copy.jpg\" alt=\"\" width=\"640\" height=\"427\" srcset=\"https:\/\/portalv1.com.br\/app\/wp-content\/uploads\/2020\/05\/wellington-dias-Copy.jpg 640w, https:\/\/portalv1.com.br\/app\/wp-content\/uploads\/2020\/05\/wellington-dias-Copy-300x200.jpg 300w\" sizes=\"auto, (max-width: 640px) 100vw, 640px\" \/><figcaption id=\"caption-attachment-85773\" class=\"wp-caption-text\">Wellington Dias<\/figcaption><\/figure>\n<p>O governador Wellington Dias enviou, nesta quinta-feira (7), para aprova\u00e7\u00e3o da Assembleia Legislativa do Piau\u00ed (Alepi), o projeto de lei que antecipa para o dia 15 de maio o feriado alusivo ao Dia do Piau\u00ed, comemorado anualmente no dia 19 de outubro. A medida \u00e9 tomada em raz\u00e3o da grave crise sanit\u00e1ria provocada pela pandemia da Covid-19.<\/p>\n<p>Tal medida deve servir de est\u00edmulo ao isolamento social. \u201cO objetivo \u00e9 garantir a facilita\u00e7\u00e3o do isolamento social. \u00c9 uma data simb\u00f3lica e especial, mas pe\u00e7o a compreens\u00e3o de todos, pois nesse momento a vida est\u00e1 acima de tudo e, pela vida, neste ano vamos comemorar o Dia do Piau\u00ed em maio dentro de casa\u201d, justifica o governador.<\/p>\n<p>O projeto de lei determina ainda aos \u00f3rg\u00e3os e entidades da Administra\u00e7\u00e3o P\u00fablica estadual envolvidos direta ou indiretamente no combate \u00e0 Covid-19 que reforcem a campanha #FicaEmCasa, que visa \u00e0 conscientiza\u00e7\u00e3o sobre a import\u00e2ncia do isolamento social.<\/p>\n<p>Fonte: oitoemeia<\/p>\n<p>&nbsp;<\/p>\n","protected":false},"excerpt":{"rendered":"<p>O governador Wellington Dias enviou, nesta quinta-feira (7), para aprova\u00e7\u00e3o da Assembleia Legislativa do Piau\u00ed (Alepi), o projeto de lei que antecipa para o dia 15 de maio o feriado&#8230;<\/p>\n","protected":false},"author":1,"featured_media":85773,"comment_status":"open","ping_status":"open","sticky":false,"template":"","format":"standard","meta":{"ngg_post_thumbnail":0,"footnotes":""},"categories":[12],"tags":[],"class_list":["post-85772","post","type-post","status-publish","format-standard","has-post-thumbnail","hentry","category-valenca-news"],"views":623,"meta_data":{"thumb":"https:\/\/portalv1.com.br\/app\/wp-content\/uploads\/2020\/05\/wellington-dias-Copy.jpg","imagem":{"fullsize":{"url":"https:\/\/portalv1.com.br\/app\/wp-content\/uploads\/2020\/05\/wellington-dias-Copy.jpg","width":640,"height":427},"medium":{"url":"https:\/\/portalv1.com.br\/app\/wp-content\/uploads\/2020\/05\/wellington-dias-Copy-300x200.jpg","width":300,"height":200},"thumbnail":{"url":"https:\/\/portalv1.com.br\/app\/wp-content\/uploads\/2020\/05\/wellington-dias-Copy-100x100.jpg","width":100,"height":100}},"data":{"simple":"07\/05\/2020","date_time":"07\/05\/2020 08:04:33","date":"h\u00e1 6 anos"},"chapeu":"Coronavirus","source":"m_destacada"},"_links":{"self":[{"href":"https:\/\/portalv1.com.br\/api\/wp\/v2\/posts\/85772","targetHints":{"allow":["GET"]}}],"collection":[{"href":"https:\/\/portalv1.com.br\/api\/wp\/v2\/posts"}],"about":[{"href":"https:\/\/portalv1.com.br\/api\/wp\/v2\/types\/post"}],"author":[{"embeddable":true,"href":"https:\/\/portalv1.com.br\/api\/wp\/v2\/users\/1"}],"replies":[{"embeddable":true,"href":"https:\/\/portalv1.com.br\/api\/wp\/v2\/comments?post=85772"}],"version-history":[{"count":0,"href":"https:\/\/portalv1.com.br\/api\/wp\/v2\/posts\/85772\/revisions"}],"wp:featuredmedia":[{"embeddable":true,"href":"https:\/\/portalv1.com.br\/api\/wp\/v2\/media\/85773"}],"wp:attachment":[{"href":"https:\/\/portalv1.com.br\/api\/wp\/v2\/media?parent=85772"}],"wp:term":[{"taxonomy":"category","embeddable":true,"href":"https:\/\/portalv1.com.br\/api\/wp\/v2\/categories?post=85772"},{"taxonomy":"post_tag","embeddable":true,"href":"https:\/\/portalv1.com.br\/api\/wp\/v2\/tags?post=85772"}],"curies":[{"name":"wp","href":"https:\/\/api.w.org\/{rel}","templated":true}]}}