{"id":85789,"date":"2020-05-09T19:05:30","date_gmt":"2020-05-09T22:05:30","guid":{"rendered":"https:\/\/portalv1.com.br\/?p=85789"},"modified":"2020-05-11T23:10:31","modified_gmt":"2020-05-12T02:10:31","slug":"prefeitura-de-valenca-gastara-r-243-97000-com-alcool-em-gel-afirmam-vereadores","status":"publish","type":"post","link":"https:\/\/portalv1.com.br\/prefeitura-de-valenca-gastara-r-243-97000-com-alcool-em-gel-afirmam-vereadores\/","title":{"rendered":"Prefeitura de Valen\u00e7a gastar\u00e1 R$ 243.970,00 com \u00e1lcool em gel afirmam vereadores"},"content":{"rendered":"<p>Os vereadores Vanildo Castro e Iris Moreira publicaram em suas paginas nas redes sociais neste s\u00e1bado, 09 de maio, uma copia de um Extrato de Contrato de Fornecimento dando conta que a prefeitura de Valen\u00e7a gastar\u00e1 R$ 243.970,00 (Duzentos e quarenta e tr\u00eas mil, novecentos e setenta reais) com a compra de \u00c1lcool Etilico Hidratado em Gel para auxilio no combate a pandemia do novo coronavirus no munic\u00edpio de Valen\u00e7a.<\/p>\n<p>\u201cVoc\u00eas tem ideia de quantos litros de \u00e1lcool a PREFEITA disse que comprou? Voc\u00ea acredita nesta compra?\u201d perguntou a vereadora Iris Moreira. A prefeita Cei\u00e7a Dias n\u00e3o ainda n\u00e3o comentou as postagens dos vereadores.<\/p>\n<p><img loading=\"lazy\" decoding=\"async\" class=\"aligncenter size-large wp-image-85791\" src=\"https:\/\/portalv1.com.br\/app\/wp-content\/uploads\/2020\/05\/alcool-01-640x480.jpg\" alt=\"\" width=\"640\" height=\"480\" srcset=\"https:\/\/portalv1.com.br\/app\/wp-content\/uploads\/2020\/05\/alcool-01-640x480.jpg 640w, https:\/\/portalv1.com.br\/app\/wp-content\/uploads\/2020\/05\/alcool-01-300x225.jpg 300w, https:\/\/portalv1.com.br\/app\/wp-content\/uploads\/2020\/05\/alcool-01-768x576.jpg 768w, https:\/\/portalv1.com.br\/app\/wp-content\/uploads\/2020\/05\/alcool-01.jpg 960w\" sizes=\"auto, (max-width: 640px) 100vw, 640px\" \/> <img loading=\"lazy\" decoding=\"async\" class=\"aligncenter size-large wp-image-85790\" src=\"https:\/\/portalv1.com.br\/app\/wp-content\/uploads\/2020\/05\/alcoo-va-640x480.jpg\" alt=\"\" width=\"640\" height=\"480\" srcset=\"https:\/\/portalv1.com.br\/app\/wp-content\/uploads\/2020\/05\/alcoo-va-640x480.jpg 640w, https:\/\/portalv1.com.br\/app\/wp-content\/uploads\/2020\/05\/alcoo-va-300x225.jpg 300w, https:\/\/portalv1.com.br\/app\/wp-content\/uploads\/2020\/05\/alcoo-va-768x576.jpg 768w, https:\/\/portalv1.com.br\/app\/wp-content\/uploads\/2020\/05\/alcoo-va.jpg 960w\" sizes=\"auto, (max-width: 640px) 100vw, 640px\" \/><img loading=\"lazy\" decoding=\"async\" class=\"aligncenter size-large wp-image-85792\" src=\"https:\/\/portalv1.com.br\/app\/wp-content\/uploads\/2020\/05\/036-640x797.jpg\" alt=\"\" width=\"640\" height=\"797\" srcset=\"https:\/\/portalv1.com.br\/app\/wp-content\/uploads\/2020\/05\/036-640x797.jpg 640w, https:\/\/portalv1.com.br\/app\/wp-content\/uploads\/2020\/05\/036-300x374.jpg 300w, https:\/\/portalv1.com.br\/app\/wp-content\/uploads\/2020\/05\/036.jpg 720w\" sizes=\"auto, (max-width: 640px) 100vw, 640px\" \/><\/p>\n","protected":false},"excerpt":{"rendered":"<p>Os vereadores Vanildo Castro e Iris Moreira publicaram em suas paginas nas redes sociais neste s\u00e1bado, 09 de maio, uma copia de um Extrato de Contrato de Fornecimento dando conta&#8230;<\/p>\n","protected":false},"author":1,"featured_media":85793,"comment_status":"open","ping_status":"open","sticky":false,"template":"","format":"standard","meta":{"ngg_post_thumbnail":0,"footnotes":""},"categories":[12],"tags":[],"class_list":["post-85789","post","type-post","status-publish","format-standard","has-post-thumbnail","hentry","category-valenca-news"],"views":1681,"meta_data":{"thumb":"https:\/\/portalv1.com.br\/app\/wp-content\/uploads\/2020\/05\/ceica-dias.jpg","imagem":{"fullsize":{"url":"https:\/\/portalv1.com.br\/app\/wp-content\/uploads\/2020\/05\/ceica-dias.jpg","width":750,"height":422},"medium":{"url":"https:\/\/portalv1.com.br\/app\/wp-content\/uploads\/2020\/05\/ceica-dias-300x169.jpg","width":300,"height":169},"large":{"url":"https:\/\/portalv1.com.br\/app\/wp-content\/uploads\/2020\/05\/ceica-dias-640x360.jpg","width":640,"height":360},"thumbnail":{"url":"https:\/\/portalv1.com.br\/app\/wp-content\/uploads\/2020\/05\/ceica-dias-100x100.jpg","width":100,"height":100}},"data":{"simple":"09\/05\/2020","date_time":"09\/05\/2020 16:05:30","date":"h\u00e1 6 anos"},"chapeu":"Covid 19","source":"foto_menor"},"_links":{"self":[{"href":"https:\/\/portalv1.com.br\/api\/wp\/v2\/posts\/85789","targetHints":{"allow":["GET"]}}],"collection":[{"href":"https:\/\/portalv1.com.br\/api\/wp\/v2\/posts"}],"about":[{"href":"https:\/\/portalv1.com.br\/api\/wp\/v2\/types\/post"}],"author":[{"embeddable":true,"href":"https:\/\/portalv1.com.br\/api\/wp\/v2\/users\/1"}],"replies":[{"embeddable":true,"href":"https:\/\/portalv1.com.br\/api\/wp\/v2\/comments?post=85789"}],"version-history":[{"count":0,"href":"https:\/\/portalv1.com.br\/api\/wp\/v2\/posts\/85789\/revisions"}],"wp:featuredmedia":[{"embeddable":true,"href":"https:\/\/portalv1.com.br\/api\/wp\/v2\/media\/85793"}],"wp:attachment":[{"href":"https:\/\/portalv1.com.br\/api\/wp\/v2\/media?parent=85789"}],"wp:term":[{"taxonomy":"category","embeddable":true,"href":"https:\/\/portalv1.com.br\/api\/wp\/v2\/categories?post=85789"},{"taxonomy":"post_tag","embeddable":true,"href":"https:\/\/portalv1.com.br\/api\/wp\/v2\/tags?post=85789"}],"curies":[{"name":"wp","href":"https:\/\/api.w.org\/{rel}","templated":true}]}}