{"id":8607,"date":"2011-05-18T01:00:44","date_gmt":"2011-05-18T04:00:44","guid":{"rendered":"https:\/\/portalv1.com.br\/?p=8607"},"modified":"2011-05-19T07:56:26","modified_gmt":"2011-05-19T10:56:26","slug":"cartorio-eleitoral-tem-novo-titular","status":"publish","type":"post","link":"https:\/\/portalv1.com.br\/cartorio-eleitoral-tem-novo-titular\/","title":{"rendered":"Confira as listas das transfer\u00eancias eleitorais da 18\u00aa Zona Eleitoral"},"content":{"rendered":"<figure id=\"attachment_8608\" aria-describedby=\"caption-attachment-8608\" style=\"width: 300px\" class=\"wp-caption alignright\"><a href=\"https:\/\/portalv1.com.br\/app\/wp-content\/uploads\/2011\/05\/marcelo-facao.jpg\"><img loading=\"lazy\" decoding=\"async\" class=\"size-full wp-image-8608\" title=\"marcelo facao\" src=\"https:\/\/portalv1.com.br\/app\/wp-content\/uploads\/2011\/05\/marcelo-facao.jpg\" alt=\"\" width=\"300\" height=\"183\" \/><\/a><figcaption id=\"caption-attachment-8608\" class=\"wp-caption-text\">Marcelo Falc\u00e3o chefe do Cart\u00f3rio Eleitoral da 18\u00aa Zona Eleitoral <\/figcaption><\/figure>\n<p>Marcelo Falc\u00e3o \u00e9 o nome do novo chefe do Cart\u00f3rio Eleitoral da 18\u00aa Zona Eleitoral (Valen\u00e7a, Novo Oriente e Lagoa do Sitio), ele substituiu Kati\u00fascia Dias Gomes, que foi para Teresina. O cearense Marcelo Falc\u00e3o chega a Valen\u00e7a depois de ter passado pela cidade de Concei\u00e7\u00e3o do Canind\u00e9.<\/p>\n<p>Por falar em Justi\u00e7a Eleitoral j\u00e1 est\u00e3o abertas aos eleitores residentes em Valen\u00e7a do Piaui com domicilio eleitoral em outra cidade a possibilidade de transferir seu titulo para a 18\u00aa Zona Eleitoral.<\/p>\n<p>Ao tempo que abre a possibilidade de transfer\u00eancia, a Justi\u00e7a Eleitoral atrav\u00e9s do juiz Dr. Jos\u00e9 Wagner Linhares alerta aos eleitores, que estar\u00e1 de olho nas transfer\u00eancias irregulares. Em contato telef\u00f4nico com o portalv1, o magistrado afirmou que n\u00e3o hesitar\u00e1 em punir os agentes pol\u00edticos e os eleitores que quiserem ludibriar a Justi\u00e7a Eleitoral.<\/p>\n<p>As listas com os nomes dos eleitores estar\u00e3o \u00e0 disposi\u00e7\u00e3o da popula\u00e7\u00e3o que poder\u00e1 fazer sua denuncia se achar nas rela\u00e7\u00f5es nomes de pessoas que residem em outras cidades e que foram transferidas para ajudar esse ou aquele candidato, nas elei\u00e7\u00f5es do pr\u00f3ximo ano. A pedido da Justi\u00e7a Eleitoral o portalv1 ir\u00e1 disponibilizar a rela\u00e7\u00e3o mensal dos eleitores que solicitaram transfer\u00eancia na 18\u00aa Zona Eleitoral. Para isso basta clicar no link abaixo para ver a rela\u00e7\u00e3o.<\/p>\n<p><a href=\"https:\/\/portalv1.com.br\/app\/wp-content\/uploads\/2011\/05\/Lote-003.2011.pdf\">Lote 003.2011<\/a><\/p>\n<p>&nbsp;<\/p>\n","protected":false},"excerpt":{"rendered":"<p>Marcelo Falc\u00e3o \u00e9 o nome do novo chefe do Cart\u00f3rio Eleitoral da 18\u00aa Zona Eleitoral (Valen\u00e7a, Novo Oriente e Lagoa do Sitio), ele substituiu Kati\u00fascia Dias Gomes, que foi para&#8230;<\/p>\n","protected":false},"author":1,"featured_media":0,"comment_status":"open","ping_status":"open","sticky":false,"template":"","format":"standard","meta":{"ngg_post_thumbnail":0,"footnotes":""},"categories":[12],"tags":[],"class_list":["post-8607","post","type-post","status-publish","format-standard","hentry","category-valenca-news"],"views":655,"meta_data":{"thumb":"https:\/\/portalv1.com.br\/app\/wp-content\/uploads\/2011\/05\/marcelo-facao.jpg","data":{"simple":"17\/05\/2011","date_time":"17\/05\/2011 22:00:44","date":"h\u00e1 15 anos"},"chapeu":"","source":""},"_links":{"self":[{"href":"https:\/\/portalv1.com.br\/api\/wp\/v2\/posts\/8607","targetHints":{"allow":["GET"]}}],"collection":[{"href":"https:\/\/portalv1.com.br\/api\/wp\/v2\/posts"}],"about":[{"href":"https:\/\/portalv1.com.br\/api\/wp\/v2\/types\/post"}],"author":[{"embeddable":true,"href":"https:\/\/portalv1.com.br\/api\/wp\/v2\/users\/1"}],"replies":[{"embeddable":true,"href":"https:\/\/portalv1.com.br\/api\/wp\/v2\/comments?post=8607"}],"version-history":[{"count":0,"href":"https:\/\/portalv1.com.br\/api\/wp\/v2\/posts\/8607\/revisions"}],"wp:attachment":[{"href":"https:\/\/portalv1.com.br\/api\/wp\/v2\/media?parent=8607"}],"wp:term":[{"taxonomy":"category","embeddable":true,"href":"https:\/\/portalv1.com.br\/api\/wp\/v2\/categories?post=8607"},{"taxonomy":"post_tag","embeddable":true,"href":"https:\/\/portalv1.com.br\/api\/wp\/v2\/tags?post=8607"}],"curies":[{"name":"wp","href":"https:\/\/api.w.org\/{rel}","templated":true}]}}