{"id":86082,"date":"2020-05-15T13:15:10","date_gmt":"2020-05-15T16:15:10","guid":{"rendered":"https:\/\/portalv1.com.br\/?p=86082"},"modified":"2020-05-15T13:15:10","modified_gmt":"2020-05-15T16:15:10","slug":"ministro-da-saude-nelson-teich-pede-demissao-do-cargo","status":"publish","type":"post","link":"https:\/\/portalv1.com.br\/ministro-da-saude-nelson-teich-pede-demissao-do-cargo\/","title":{"rendered":"Ministro da Sa\u00fade, Nelson Teich, pede demiss\u00e3o do cargo"},"content":{"rendered":"<figure id=\"attachment_86083\" aria-describedby=\"caption-attachment-86083\" style=\"width: 640px\" class=\"wp-caption aligncenter\"><img loading=\"lazy\" decoding=\"async\" class=\"size-large wp-image-86083\" src=\"https:\/\/portalv1.com.br\/app\/wp-content\/uploads\/2020\/05\/nelson13-640x427.jpg\" alt=\"\" width=\"640\" height=\"427\" srcset=\"https:\/\/portalv1.com.br\/app\/wp-content\/uploads\/2020\/05\/nelson13-640x427.jpg 640w, https:\/\/portalv1.com.br\/app\/wp-content\/uploads\/2020\/05\/nelson13-300x200.jpg 300w, https:\/\/portalv1.com.br\/app\/wp-content\/uploads\/2020\/05\/nelson13-768x512.jpg 768w, https:\/\/portalv1.com.br\/app\/wp-content\/uploads\/2020\/05\/nelson13.jpg 790w\" sizes=\"auto, (max-width: 640px) 100vw, 640px\" \/><figcaption id=\"caption-attachment-86083\" class=\"wp-caption-text\">Ministro da Sa\u00fade, Nelson Teich<\/figcaption><\/figure>\n<p>Uma coletiva de imprensa ser\u00e1 marcada nesta tarde, de acordo com a pasta. H\u00e1 menos de um m\u00eas no cargo, Teich teve poder como ministro minimizado pelo presidente Jair Bolsonaro. Na segunda, foi informado pela imprensa de decis\u00e3o do presidente de aumentar a lista de atividades essenciais com sal\u00f5es de beleza, academias e barbearias e se mostrou surpreso.<\/p>\n<p>Tamb\u00e9m foi enquadrado por Bolsonaro a ampliar o uso da cloroquina para pacientes com quadros leves da Covid-19, apesar da falta de evid\u00eancias cient\u00edficas do medicamento para o novo coronav\u00edrus. Estudos recentes internacionais, publicados em revistas cient\u00edficas de prest\u00edgio, n\u00e3o mostraram benef\u00edcios da droga em reduzir interna\u00e7\u00f5es e mortes e mostraram riscos card\u00edacos.<\/p>\n<p>Em uma teleconfer\u00eancia com grandes empres\u00e1rios organizada a quinta-feira (14) pelo presidente da Fiesp (Federa\u00e7\u00e3o das Ind\u00fastrias do Estado de S\u00e3o Paulo), Paulo Skaf, Bolsonaro afirmou que o protocolo &#8220;pode e vai mudar&#8221;.<\/p>\n<p>&#8220;Agora votaram em mim para eu decidir e essa quest\u00e3o da cloroquina passa por mim. Est\u00e1 tudo bem com o ministro da Sa\u00fade [Nelson Teich], sem problema nenhum, acredito no trabalho dele. Mas essa quest\u00e3o da cloroquina vamos resolver. N\u00e3o pode o protocolo \u2014de 31 de mar\u00e7o agora, quando estava o ministro da sa\u00fade anterior [Luiz Henrique Mandetta]\u2014 dizendo que s\u00f3 pode usar em caso grave&#8230; N\u00e3o pode mudar o protocolo agora? Pode mudar e vai mudar&#8221;, declarou Bolsonaro.<\/p>\n<p>Teich \u00e9 o segundo ministro a deixar a Sa\u00fade em meio \u00e0 pandemia. Juntamente com o impasse sobre o isolamento social, diverg\u00eancias sobre a aplica\u00e7\u00e3o da cloroquina e da hidroxicloroquina em pacientes da Covid-19 foram um dos principais pontos que levaram \u00e0 demiss\u00e3o de Mandetta, em 16 de abril.<\/p>\n<p>&#8220;Cloroquina hoje ainda \u00e9 uma incerteza. Houve estudos iniciais que sugeriram benef\u00edcios, mas existem estudos hoje que falam o contr\u00e1rio&#8221;, afirmou o ministro, em 29 de abril. &#8220;Os dados preliminares da China \u00e9 que teve mortalidade alta e que o rem\u00e9dio n\u00e3o vai ser divisor de \u00e1guas em rela\u00e7\u00e3o \u00e0 doen\u00e7a.&#8221;<\/p>\n<p>Internamente, o governo estuda que a pasta seja assumida pelo secret\u00e1rio-executivo, general Eduardo Pazuello.<\/p>\n<p>O ex-ministro Luiz Henrique Mandetta fez um post no twitter, minutos depois da divulga\u00e7\u00e3o da sa\u00edda de Teich da Sa\u00fade. &#8220;Oremos. For\u00e7a SUS. Ci\u00eancia. Paci\u00eancia. F\u00e9! #FicaEmCasa&#8221;<\/p>\n","protected":false},"excerpt":{"rendered":"<p>Uma coletiva de imprensa ser\u00e1 marcada nesta tarde, de acordo com a pasta. H\u00e1 menos de um m\u00eas no cargo, Teich teve poder como ministro minimizado pelo presidente Jair Bolsonaro&#8230;.<\/p>\n","protected":false},"author":1,"featured_media":86083,"comment_status":"open","ping_status":"open","sticky":false,"template":"","format":"standard","meta":{"ngg_post_thumbnail":0,"footnotes":""},"categories":[12],"tags":[],"class_list":["post-86082","post","type-post","status-publish","format-standard","has-post-thumbnail","hentry","category-valenca-news"],"views":328,"meta_data":{"thumb":"https:\/\/portalv1.com.br\/app\/wp-content\/uploads\/2020\/05\/nelson13.jpg","imagem":{"fullsize":{"url":"https:\/\/portalv1.com.br\/app\/wp-content\/uploads\/2020\/05\/nelson13.jpg","width":790,"height":527},"medium":{"url":"https:\/\/portalv1.com.br\/app\/wp-content\/uploads\/2020\/05\/nelson13-300x200.jpg","width":300,"height":200},"large":{"url":"https:\/\/portalv1.com.br\/app\/wp-content\/uploads\/2020\/05\/nelson13-640x427.jpg","width":640,"height":427},"thumbnail":{"url":"https:\/\/portalv1.com.br\/app\/wp-content\/uploads\/2020\/05\/nelson13-100x100.jpg","width":100,"height":100},"medium_large":{"url":"https:\/\/portalv1.com.br\/app\/wp-content\/uploads\/2020\/05\/nelson13-768x512.jpg","width":768,"height":512}},"data":{"simple":"15\/05\/2020","date_time":"15\/05\/2020 10:15:10","date":"h\u00e1 6 anos"},"chapeu":"Mudan\u00e7as ","source":"m_destacada"},"_links":{"self":[{"href":"https:\/\/portalv1.com.br\/api\/wp\/v2\/posts\/86082","targetHints":{"allow":["GET"]}}],"collection":[{"href":"https:\/\/portalv1.com.br\/api\/wp\/v2\/posts"}],"about":[{"href":"https:\/\/portalv1.com.br\/api\/wp\/v2\/types\/post"}],"author":[{"embeddable":true,"href":"https:\/\/portalv1.com.br\/api\/wp\/v2\/users\/1"}],"replies":[{"embeddable":true,"href":"https:\/\/portalv1.com.br\/api\/wp\/v2\/comments?post=86082"}],"version-history":[{"count":0,"href":"https:\/\/portalv1.com.br\/api\/wp\/v2\/posts\/86082\/revisions"}],"wp:featuredmedia":[{"embeddable":true,"href":"https:\/\/portalv1.com.br\/api\/wp\/v2\/media\/86083"}],"wp:attachment":[{"href":"https:\/\/portalv1.com.br\/api\/wp\/v2\/media?parent=86082"}],"wp:term":[{"taxonomy":"category","embeddable":true,"href":"https:\/\/portalv1.com.br\/api\/wp\/v2\/categories?post=86082"},{"taxonomy":"post_tag","embeddable":true,"href":"https:\/\/portalv1.com.br\/api\/wp\/v2\/tags?post=86082"}],"curies":[{"name":"wp","href":"https:\/\/api.w.org\/{rel}","templated":true}]}}