{"id":86088,"date":"2020-05-16T13:44:12","date_gmt":"2020-05-16T16:44:12","guid":{"rendered":"https:\/\/portalv1.com.br\/?p=86088"},"modified":"2020-05-16T13:44:12","modified_gmt":"2020-05-16T16:44:12","slug":"distribuicao-das-atividades-escolares-no-caic-comeca-na-segunda-feira","status":"publish","type":"post","link":"https:\/\/portalv1.com.br\/distribuicao-das-atividades-escolares-no-caic-comeca-na-segunda-feira\/","title":{"rendered":"Distribui\u00e7\u00e3o das atividades escolares no Caic come\u00e7a na segunda-feira"},"content":{"rendered":"<p>O diretor da Unidade Escolar Oto Martins Veloso (Caic), Renato Batista comunicou aos pais que nesta segunda e ter\u00e7a-feira, 18 e 19 de maio. A equipe do col\u00e9gio estar\u00e1 entregando as atividades escolares na sede da escola no bairro Novo Horizonte.<\/p>\n<p>O diretor pediu que os respons\u00e1veis compare\u00e7am a escola a partir das 08 da manha em hor\u00e1rios alternados para evitar aglomera\u00e7\u00f5es conforte o roteiro. Veja abaixo.<\/p>\n<p>\u201cSomos sabedores que estamos vivendo um momento de pandemia causado pela covid19 e que no momento que se deslocarem das suas resid\u00eancias, por favor, usem as m\u00e1scaras, medidas adotados pelas autoridades da sa\u00fade e ainda, n\u00e3o precisam ter pressa, pois estaremos o dia todo para atend\u00ea-los e assim evitar aglomera\u00e7\u00f5es\u201d pediu.<img loading=\"lazy\" decoding=\"async\" class=\"aligncenter size-full wp-image-86089\" src=\"https:\/\/portalv1.com.br\/app\/wp-content\/uploads\/2020\/05\/97487544_2864183060367799_5271499626246045696_n-Copy.jpg\" alt=\"\" width=\"640\" height=\"452\" srcset=\"https:\/\/portalv1.com.br\/app\/wp-content\/uploads\/2020\/05\/97487544_2864183060367799_5271499626246045696_n-Copy.jpg 640w, https:\/\/portalv1.com.br\/app\/wp-content\/uploads\/2020\/05\/97487544_2864183060367799_5271499626246045696_n-Copy-300x212.jpg 300w\" sizes=\"auto, (max-width: 640px) 100vw, 640px\" \/><\/p>\n","protected":false},"excerpt":{"rendered":"<p>O diretor da Unidade Escolar Oto Martins Veloso (Caic), Renato Batista comunicou aos pais que nesta segunda e ter\u00e7a-feira, 18 e 19 de maio. A equipe do col\u00e9gio estar\u00e1 entregando&#8230;<\/p>\n","protected":false},"author":1,"featured_media":86089,"comment_status":"open","ping_status":"open","sticky":false,"template":"","format":"standard","meta":{"ngg_post_thumbnail":0,"footnotes":""},"categories":[12],"tags":[],"class_list":["post-86088","post","type-post","status-publish","format-standard","has-post-thumbnail","hentry","category-valenca-news"],"views":820,"meta_data":{"thumb":"https:\/\/portalv1.com.br\/app\/wp-content\/uploads\/2020\/05\/97487544_2864183060367799_5271499626246045696_n-Copy.jpg","imagem":{"fullsize":{"url":"https:\/\/portalv1.com.br\/app\/wp-content\/uploads\/2020\/05\/97487544_2864183060367799_5271499626246045696_n-Copy.jpg","width":640,"height":452},"medium":{"url":"https:\/\/portalv1.com.br\/app\/wp-content\/uploads\/2020\/05\/97487544_2864183060367799_5271499626246045696_n-Copy-300x212.jpg","width":300,"height":212},"thumbnail":{"url":"https:\/\/portalv1.com.br\/app\/wp-content\/uploads\/2020\/05\/97487544_2864183060367799_5271499626246045696_n-Copy-100x100.jpg","width":100,"height":100}},"data":{"simple":"16\/05\/2020","date_time":"16\/05\/2020 10:44:12","date":"h\u00e1 6 anos"},"chapeu":"Veja hor\u00e1rios ","source":"slide"},"_links":{"self":[{"href":"https:\/\/portalv1.com.br\/api\/wp\/v2\/posts\/86088","targetHints":{"allow":["GET"]}}],"collection":[{"href":"https:\/\/portalv1.com.br\/api\/wp\/v2\/posts"}],"about":[{"href":"https:\/\/portalv1.com.br\/api\/wp\/v2\/types\/post"}],"author":[{"embeddable":true,"href":"https:\/\/portalv1.com.br\/api\/wp\/v2\/users\/1"}],"replies":[{"embeddable":true,"href":"https:\/\/portalv1.com.br\/api\/wp\/v2\/comments?post=86088"}],"version-history":[{"count":0,"href":"https:\/\/portalv1.com.br\/api\/wp\/v2\/posts\/86088\/revisions"}],"wp:featuredmedia":[{"embeddable":true,"href":"https:\/\/portalv1.com.br\/api\/wp\/v2\/media\/86089"}],"wp:attachment":[{"href":"https:\/\/portalv1.com.br\/api\/wp\/v2\/media?parent=86088"}],"wp:term":[{"taxonomy":"category","embeddable":true,"href":"https:\/\/portalv1.com.br\/api\/wp\/v2\/categories?post=86088"},{"taxonomy":"post_tag","embeddable":true,"href":"https:\/\/portalv1.com.br\/api\/wp\/v2\/tags?post=86088"}],"curies":[{"name":"wp","href":"https:\/\/api.w.org\/{rel}","templated":true}]}}