{"id":86219,"date":"2020-05-26T21:02:53","date_gmt":"2020-05-27T00:02:53","guid":{"rendered":"https:\/\/portalv1.com.br\/?p=86219"},"modified":"2020-05-26T21:09:39","modified_gmt":"2020-05-27T00:09:39","slug":"tre-pi-absolve-prefeita-carmelita-castro-de-sao-raimundo-nonato","status":"publish","type":"post","link":"https:\/\/portalv1.com.br\/tre-pi-absolve-prefeita-carmelita-castro-de-sao-raimundo-nonato\/","title":{"rendered":"TRE-PI absolve prefeita Carmelita Castro, de S\u00e3o Raimundo Nonato"},"content":{"rendered":"<figure id=\"attachment_86220\" aria-describedby=\"caption-attachment-86220\" style=\"width: 640px\" class=\"wp-caption aligncenter\"><img loading=\"lazy\" decoding=\"async\" class=\"size-full wp-image-86220\" src=\"https:\/\/portalv1.com.br\/app\/wp-content\/uploads\/2020\/05\/carmelita-castro-Copy.jpg\" alt=\"\" width=\"640\" height=\"427\" srcset=\"https:\/\/portalv1.com.br\/app\/wp-content\/uploads\/2020\/05\/carmelita-castro-Copy.jpg 640w, https:\/\/portalv1.com.br\/app\/wp-content\/uploads\/2020\/05\/carmelita-castro-Copy-300x200.jpg 300w\" sizes=\"auto, (max-width: 640px) 100vw, 640px\" \/><figcaption id=\"caption-attachment-86220\" class=\"wp-caption-text\">Carmelita Castro<\/figcaption><\/figure>\n<p>Ap\u00f3s voto de desempate, o Tribunal Regional Eleitoral do Piau\u00ed (TRE-PI), pelo placar de 4 x 3 absolveu, na tarde desta ter\u00e7a-feira, 26, a atual prefeita de S\u00e3o Raimundo Nonato, Carmelita Castro (Progressistas), o vice-prefeito Beto Macedo (PT), Deputado Estadual H\u00e9lio Isa\u00edas (Progressistas) e os vereadores Rian Marcos Alves da Silva, Nunes de Jesus Santos e La\u00e9rcio Dias de Carvalho da acusa\u00e7\u00e3o de compra de votos nas elei\u00e7\u00f5es municipais de 2016, informou o Portal O Sert\u00e3o.&nbsp; A decis\u00e3o foi proferida em segunda inst\u00e2ncia.<\/p>\n<p>Conforme o TRE-PI, o processo foi instaurado ap\u00f3s a Coliga\u00e7\u00e3o \u201cFor\u00e7a do Povo\u201d ajuizar duas a\u00e7\u00f5es: A\u00e7\u00e3o de Investiga\u00e7\u00e3o Judicial Eleitoral (AIJE) e A\u00e7\u00e3o de Impugna\u00e7\u00e3o de Mandato Eletivo (AIME) em que denunciavam Carmelita Castro e Beto Macedo por capta\u00e7\u00e3o il\u00edcita de sufr\u00e1gio ao oferecerem vantagens a eleitores que se encontravam em grave situa\u00e7\u00e3o decorrente da estiagem, como po\u00e7os tubulares, reformas e&nbsp; barragens.<\/p>\n<p>Entretanto, a Corte Eleitoral, em sua maioria, entendeu que as provas apresentadas pela Coliga\u00e7\u00e3o \u201cFor\u00e7a do Povo\u201d no processo n\u00e3o eram suficientes para comprovar o envolvimento de Carmelita Castro, Beto Macedo, Deputado H\u00e9lio Isa\u00edas e demais acusados no procedimento da compra de voto.<\/p>\n<p>Na \u00faltima sess\u00e3o de julgamento sobre o caso, a A\u00e7\u00e3o de Impugna\u00e7\u00e3o de Mandato Eletivo (AIME) j\u00e1 havia sido extinta, portanto restou ao Presidente da Corte, Desembargador Dr. Jos\u00e9 James proferir o voto de desempate na A\u00e7\u00e3o de Investiga\u00e7\u00e3o Judicial Eleitoral (AIJE). Os desembargadores que votaram pela cassa\u00e7\u00e3o na AIJE foram o relator, Dr. Charles Max, o juiz federal Dr. Agliberto Machado e Dr. Thiago F\u00e9rrer. Votaram pela reformula\u00e7\u00e3o da senten\u00e7a em primeiro grau, os desembargadores Dr. Fernando Lopes, Dr. Ant\u00f4nio Soares e Dr. Aderson Ant\u00f4nio.<\/p>\n<p>Quando abriu diverg\u00eancia do relat\u00f3rio que pedia a manuten\u00e7\u00e3o da senten\u00e7a proferida em primeira inst\u00e2ncia, o Desembargador Dr. Fernando Lopes destacou que as provas n\u00e3o eram probat\u00f3rias para elencar tal decis\u00e3o, pois os depoimentos n\u00e3o tinham car\u00e1ter provante sendo meras grava\u00e7\u00f5es inusitadas com o di\u00e1logo de \u201couvi dizer\u201d.<\/p>\n<p>Em seu voto, o Presidente do Tribunal, Desembargador Jos\u00e9 James, acompanhou a diverg\u00eancia, n\u00e3o restando d\u00favidas de que acusa\u00e7\u00f5es de \u201couvi dizer\u201d n\u00e3o atestam a culpabilidade dos acusados. \u201cAs provas n\u00e3o formam decreto condenat\u00f3rio\u201d, disse o Presidente do Tribunal, Jos\u00e9 James.<\/p>\n<p>Fonte: meio norte<\/p>\n","protected":false},"excerpt":{"rendered":"<p>Ap\u00f3s voto de desempate, o Tribunal Regional Eleitoral do Piau\u00ed (TRE-PI), pelo placar de 4 x 3 absolveu, na tarde desta ter\u00e7a-feira, 26, a atual prefeita de S\u00e3o Raimundo Nonato,&#8230;<\/p>\n","protected":false},"author":1,"featured_media":86220,"comment_status":"open","ping_status":"open","sticky":false,"template":"","format":"standard","meta":{"ngg_post_thumbnail":0,"footnotes":""},"categories":[12],"tags":[],"class_list":["post-86219","post","type-post","status-publish","format-standard","has-post-thumbnail","hentry","category-valenca-news"],"views":288,"meta_data":{"thumb":"https:\/\/portalv1.com.br\/app\/wp-content\/uploads\/2020\/05\/carmelita-castro-Copy.jpg","imagem":{"fullsize":{"url":"https:\/\/portalv1.com.br\/app\/wp-content\/uploads\/2020\/05\/carmelita-castro-Copy.jpg","width":640,"height":427},"medium":{"url":"https:\/\/portalv1.com.br\/app\/wp-content\/uploads\/2020\/05\/carmelita-castro-Copy-300x200.jpg","width":300,"height":200},"thumbnail":{"url":"https:\/\/portalv1.com.br\/app\/wp-content\/uploads\/2020\/05\/carmelita-castro-Copy-100x100.jpg","width":100,"height":100}},"data":{"simple":"26\/05\/2020","date_time":"26\/05\/2020 18:02:53","date":"h\u00e1 6 anos"},"chapeu":"TRE-PI","source":"m_destacada"},"_links":{"self":[{"href":"https:\/\/portalv1.com.br\/api\/wp\/v2\/posts\/86219","targetHints":{"allow":["GET"]}}],"collection":[{"href":"https:\/\/portalv1.com.br\/api\/wp\/v2\/posts"}],"about":[{"href":"https:\/\/portalv1.com.br\/api\/wp\/v2\/types\/post"}],"author":[{"embeddable":true,"href":"https:\/\/portalv1.com.br\/api\/wp\/v2\/users\/1"}],"replies":[{"embeddable":true,"href":"https:\/\/portalv1.com.br\/api\/wp\/v2\/comments?post=86219"}],"version-history":[{"count":0,"href":"https:\/\/portalv1.com.br\/api\/wp\/v2\/posts\/86219\/revisions"}],"wp:featuredmedia":[{"embeddable":true,"href":"https:\/\/portalv1.com.br\/api\/wp\/v2\/media\/86220"}],"wp:attachment":[{"href":"https:\/\/portalv1.com.br\/api\/wp\/v2\/media?parent=86219"}],"wp:term":[{"taxonomy":"category","embeddable":true,"href":"https:\/\/portalv1.com.br\/api\/wp\/v2\/categories?post=86219"},{"taxonomy":"post_tag","embeddable":true,"href":"https:\/\/portalv1.com.br\/api\/wp\/v2\/tags?post=86219"}],"curies":[{"name":"wp","href":"https:\/\/api.w.org\/{rel}","templated":true}]}}