{"id":86241,"date":"2020-05-27T12:59:57","date_gmt":"2020-05-27T15:59:57","guid":{"rendered":"https:\/\/portalv1.com.br\/?p=86241"},"modified":"2020-05-30T13:16:21","modified_gmt":"2020-05-30T16:16:21","slug":"justica-da-72-horas-para-prefeitura-de-valenca-relatar-gastos-com-a-covid-19","status":"publish","type":"post","link":"https:\/\/portalv1.com.br\/justica-da-72-horas-para-prefeitura-de-valenca-relatar-gastos-com-a-covid-19\/","title":{"rendered":"Justi\u00e7a d\u00e1 72 horas para Prefeitura de Valen\u00e7a relatar gastos com a Covid-19"},"content":{"rendered":"<figure id=\"attachment_85639\" aria-describedby=\"caption-attachment-85639\" style=\"width: 640px\" class=\"wp-caption aligncenter\"><img loading=\"lazy\" decoding=\"async\" class=\"size-full wp-image-85639\" src=\"https:\/\/portalv1.com.br\/app\/wp-content\/uploads\/2020\/04\/IMG_9651-Copy.jpg\" alt=\"\" width=\"640\" height=\"427\" srcset=\"https:\/\/portalv1.com.br\/app\/wp-content\/uploads\/2020\/04\/IMG_9651-Copy.jpg 640w, https:\/\/portalv1.com.br\/app\/wp-content\/uploads\/2020\/04\/IMG_9651-Copy-300x200.jpg 300w\" sizes=\"auto, (max-width: 640px) 100vw, 640px\" \/><figcaption id=\"caption-attachment-85639\" class=\"wp-caption-text\">PREFEITURA DE VALEN\u00c7A<\/figcaption><\/figure>\n<p>A Comarca de Valen\u00e7a deu um prazo de 72 horas para que a Prefeitura de Valen\u00e7a do Piau\u00ed se pronuncie a respeito de uma A\u00e7\u00e3o Popular com pedido de Liminar, impetrada pela vereadora Iris Moreira. Na a\u00e7\u00e3o a vereadora pede que a Prefeitura de Valen\u00e7a cumpra a legisla\u00e7\u00e3o e publique os gastos com a pandemia no munic\u00edpio de Valen\u00e7a no Portal da Transpar\u00eancia com dados e despesas.<\/p>\n<p><em>Nome do contratado, n\u00famero de inscri\u00e7\u00e3o na Receita Federal do Brasil, o prazo contratual, o valor e o respectivo processo de contrata\u00e7\u00e3o ou aquisi\u00e7\u00e3o.<\/em><\/p>\n<p>Registro de repasses, despesas, procedimentos licitat\u00f3rios e contratos, bem como programas e a\u00e7\u00f5es.<\/p>\n<p><em>Publicando a declara\u00e7\u00e3o do objeto contratado, fundamenta\u00e7\u00e3o da contrata\u00e7\u00e3o, descri\u00e7\u00e3o da solu\u00e7\u00e3o apresentada, requisitos da contrata\u00e7\u00e3o, crit\u00e9rios de medi\u00e7\u00e3o e pagamento (no caso de obras), estimativas de pre\u00e7os obtidos dos par\u00e2metros dispostos no inciso IV do \u00a71\u00ba, Art. 4\u00ba da Lei 13.979\/2020, <\/em>Entre outras solicita\u00e7\u00f5es.<\/p>\n<p>De acordo com a a\u00e7\u00e3o a cidade de Valen\u00e7a j\u00e1 recebeu R$ 619.771,04 (seiscentos e dezenove mil setecentos e setenta e um reais e quatro centavos) para a a\u00e7\u00e3o or\u00e7ament\u00e1ria de enfrentamento da emerg\u00eancia de sa\u00fade p\u00fablica de import\u00e2ncia internacional decorrente do Coronav\u00edrus.<\/p>\n<p>Desse montante, a prefeitura j\u00e1 gastou R$ 243.970,00 com a aquisi\u00e7\u00e3o de \u00e1lcool 70% em gel e R$ 303.910,00 para compra de EPIs.<\/p>\n<p>&nbsp;\u201cPortanto, determino em car\u00e1ter de urg\u00eancia, a intima\u00e7\u00e3o da parte demandada para manifestar-se sobre o pedido de tutela provis\u00f3ria, no prazo de 72 horas. Ap\u00f3s a manifesta\u00e7\u00e3o do munic\u00edpio ou o decurso do prazo indicado no item 1, fa\u00e7a-me a conclus\u00e3o com urg\u00eancia\u201d, decidiu o magistrado.<\/p>\n<p>A prefeita Cei\u00e7a Dias n\u00e3o comentou a decis\u00e3o.&nbsp;<\/p>\n","protected":false},"excerpt":{"rendered":"<p>A Comarca de Valen\u00e7a deu um prazo de 72 horas para que a Prefeitura de Valen\u00e7a do Piau\u00ed se pronuncie a respeito de uma A\u00e7\u00e3o Popular com pedido de Liminar,&#8230;<\/p>\n","protected":false},"author":1,"featured_media":85639,"comment_status":"open","ping_status":"open","sticky":false,"template":"","format":"standard","meta":{"ngg_post_thumbnail":0,"footnotes":""},"categories":[12],"tags":[],"class_list":["post-86241","post","type-post","status-publish","format-standard","has-post-thumbnail","hentry","category-valenca-news"],"views":3112,"meta_data":{"thumb":"https:\/\/portalv1.com.br\/app\/wp-content\/uploads\/2020\/04\/IMG_9651-Copy.jpg","imagem":{"fullsize":{"url":"https:\/\/portalv1.com.br\/app\/wp-content\/uploads\/2020\/04\/IMG_9651-Copy.jpg","width":640,"height":427},"medium":{"url":"https:\/\/portalv1.com.br\/app\/wp-content\/uploads\/2020\/04\/IMG_9651-Copy-300x200.jpg","width":300,"height":200},"thumbnail":{"url":"https:\/\/portalv1.com.br\/app\/wp-content\/uploads\/2020\/04\/IMG_9651-Copy-100x100.jpg","width":100,"height":100}},"data":{"simple":"27\/05\/2020","date_time":"27\/05\/2020 09:59:57","date":"h\u00e1 6 anos"},"chapeu":"Gastos com a Pandemia","source":"foto_menor"},"_links":{"self":[{"href":"https:\/\/portalv1.com.br\/api\/wp\/v2\/posts\/86241","targetHints":{"allow":["GET"]}}],"collection":[{"href":"https:\/\/portalv1.com.br\/api\/wp\/v2\/posts"}],"about":[{"href":"https:\/\/portalv1.com.br\/api\/wp\/v2\/types\/post"}],"author":[{"embeddable":true,"href":"https:\/\/portalv1.com.br\/api\/wp\/v2\/users\/1"}],"replies":[{"embeddable":true,"href":"https:\/\/portalv1.com.br\/api\/wp\/v2\/comments?post=86241"}],"version-history":[{"count":0,"href":"https:\/\/portalv1.com.br\/api\/wp\/v2\/posts\/86241\/revisions"}],"wp:featuredmedia":[{"embeddable":true,"href":"https:\/\/portalv1.com.br\/api\/wp\/v2\/media\/85639"}],"wp:attachment":[{"href":"https:\/\/portalv1.com.br\/api\/wp\/v2\/media?parent=86241"}],"wp:term":[{"taxonomy":"category","embeddable":true,"href":"https:\/\/portalv1.com.br\/api\/wp\/v2\/categories?post=86241"},{"taxonomy":"post_tag","embeddable":true,"href":"https:\/\/portalv1.com.br\/api\/wp\/v2\/tags?post=86241"}],"curies":[{"name":"wp","href":"https:\/\/api.w.org\/{rel}","templated":true}]}}