{"id":86272,"date":"2020-05-31T23:52:38","date_gmt":"2020-06-01T02:52:38","guid":{"rendered":"https:\/\/portalv1.com.br\/?p=86272"},"modified":"2020-06-02T09:57:56","modified_gmt":"2020-06-02T12:57:56","slug":"aroazes-intensifica-acoes-de-combate-a-covid-19-assista-ao-video","status":"publish","type":"post","link":"https:\/\/portalv1.com.br\/aroazes-intensifica-acoes-de-combate-a-covid-19-assista-ao-video\/","title":{"rendered":"Aroazes intensifica a\u00e7\u00f5es de combate a Covid-19. Assista ao v\u00eddeo"},"content":{"rendered":"<p>A Prefeitura de Aroazes segue intensificando os esfor\u00e7os necess\u00e1rios ao combate \u00e0 pandemia causada pelo novo Coronav\u00edrus.<\/p>\n<p>A Secretaria Municipal de Sa\u00fade, que tem a frente a competente secret\u00e1ria Thaisa Bomfim, vem realizando v\u00e1rias frentes com o intuito de proteger a popula\u00e7\u00e3o e essa dedica\u00e7\u00e3o vem surtindo efeito, visto que a cidade registra apenas um caso positivo de um profissional da sa\u00fade que reside em Teresina e presta servi\u00e7o no munic\u00edpio e em Lagoa do Sitio. Ele j\u00e1 est\u00e1 curado.<\/p>\n<p>Al\u00e9m de estender o hor\u00e1rio de atendimento da Unidade B\u00e1sica de Sa\u00fade que tamb\u00e9m funciona at\u00e9 \u00e0s 22h, a sa\u00fade de Aroazes vem seguindo os protocolos realizando a\u00e7\u00f5es como a realiza\u00e7\u00e3o de barreiras sanit\u00e1rias, instalando totens, barracas com cadeiras em frente aos com\u00e9rcios essenciais (farm\u00e1cias, supermercados e correspondentes banc\u00e1rios), realizando higieniza\u00e7\u00e3o dos pr\u00e9dios e pra\u00e7as p\u00fablicas e distribuindo kits de com m\u00e1scaras e \u00e1lcool em gel, cuja primeira fase aconteceu na zona rural e agora ser\u00e1 a vez da zona urbana.<\/p>\n<p>Para que esses protocolos sejam seguidos, a sa\u00fade conta com uma equipe de multiprofissionais motivada, uma equipe administrativa comprometida e uma das melhores infraestruturas da regi\u00e3o com equipamentos novos e modernos e apoio de duas ambul\u00e2ncias, duas vans e toda a liberdade de trabalho dada pelo prefeito Tom\u00e9 Portela.<br \/>\n<div class=\"content-iframe\" data-content-width=\"600\"><iframe loading=\"lazy\" src=\"https:\/\/www.youtube.com\/embed\/qkvn8UxzvqI\" width=\"560\" height=\"315\" frameborder=\"0\" allowfullscreen=\"allowfullscreen\"><\/iframe><\/div><\/p>\n","protected":false},"excerpt":{"rendered":"<p>A Prefeitura de Aroazes segue intensificando os esfor\u00e7os necess\u00e1rios ao combate \u00e0 pandemia causada pelo novo Coronav\u00edrus. A Secretaria Municipal de Sa\u00fade, que tem a frente a competente secret\u00e1ria Thaisa&#8230;<\/p>\n","protected":false},"author":1,"featured_media":86273,"comment_status":"open","ping_status":"open","sticky":false,"template":"","format":"standard","meta":{"ngg_post_thumbnail":0,"footnotes":""},"categories":[12],"tags":[],"class_list":["post-86272","post","type-post","status-publish","format-standard","has-post-thumbnail","hentry","category-valenca-news"],"views":316,"meta_data":{"thumb":"https:\/\/portalv1.com.br\/app\/wp-content\/uploads\/2020\/05\/IMG_9928-Copy.jpg","imagem":{"fullsize":{"url":"https:\/\/portalv1.com.br\/app\/wp-content\/uploads\/2020\/05\/IMG_9928-Copy.jpg","width":640,"height":427},"medium":{"url":"https:\/\/portalv1.com.br\/app\/wp-content\/uploads\/2020\/05\/IMG_9928-Copy-300x200.jpg","width":300,"height":200},"thumbnail":{"url":"https:\/\/portalv1.com.br\/app\/wp-content\/uploads\/2020\/05\/IMG_9928-Copy-100x100.jpg","width":100,"height":100}},"data":{"simple":"31\/05\/2020","date_time":"31\/05\/2020 20:52:38","date":"h\u00e1 6 anos"},"chapeu":"Assista ao video ","source":"foto_menor"},"_links":{"self":[{"href":"https:\/\/portalv1.com.br\/api\/wp\/v2\/posts\/86272","targetHints":{"allow":["GET"]}}],"collection":[{"href":"https:\/\/portalv1.com.br\/api\/wp\/v2\/posts"}],"about":[{"href":"https:\/\/portalv1.com.br\/api\/wp\/v2\/types\/post"}],"author":[{"embeddable":true,"href":"https:\/\/portalv1.com.br\/api\/wp\/v2\/users\/1"}],"replies":[{"embeddable":true,"href":"https:\/\/portalv1.com.br\/api\/wp\/v2\/comments?post=86272"}],"version-history":[{"count":0,"href":"https:\/\/portalv1.com.br\/api\/wp\/v2\/posts\/86272\/revisions"}],"wp:featuredmedia":[{"embeddable":true,"href":"https:\/\/portalv1.com.br\/api\/wp\/v2\/media\/86273"}],"wp:attachment":[{"href":"https:\/\/portalv1.com.br\/api\/wp\/v2\/media?parent=86272"}],"wp:term":[{"taxonomy":"category","embeddable":true,"href":"https:\/\/portalv1.com.br\/api\/wp\/v2\/categories?post=86272"},{"taxonomy":"post_tag","embeddable":true,"href":"https:\/\/portalv1.com.br\/api\/wp\/v2\/tags?post=86272"}],"curies":[{"name":"wp","href":"https:\/\/api.w.org\/{rel}","templated":true}]}}