{"id":863,"date":"2009-07-07T23:25:56","date_gmt":"2009-07-08T02:25:56","guid":{"rendered":"https:\/\/portalv1.com.br\/?p=863"},"modified":"2015-04-10T19:40:34","modified_gmt":"2015-04-10T22:40:34","slug":"comecou-o-festejo-de-nossa-senhora-do-carmo","status":"publish","type":"post","link":"https:\/\/portalv1.com.br\/comecou-o-festejo-de-nossa-senhora-do-carmo\/","title":{"rendered":"Come\u00e7ou o Festejo de Nossa Senhora do Carmo."},"content":{"rendered":"<p class=\"MsoNormal\" style=\"0cm 0cm 10pt\"><span style=\"Calibri\"><span style=\"Calibri\"><img loading=\"lazy\" decoding=\"async\" style=\"top\" src=\"fotos\/nossasenhoracarmo.jpg\" alt=\"\" width=\"300\" height=\"225\" \/><\/span><\/span><\/p>\n<p class=\"MsoNormal\" style=\"0cm 0cm 10pt\"><span style=\"Calibri\"><span style=\"Calibri\">Come\u00e7ou hoje (07) e se estende pelas pr\u00f3ximas oito noites, o Festejo de Nossa Senhora do Carmo, no Bairro Novo Horizonte. A abertura foi celebrada pelo padre Miguel J\u00fanior e levou muitos fi\u00e9is a celebra\u00e7\u00e3o. Ao final o padre Miguel J\u00fanior conclamou a todos para participarem e ajudarem na realiza\u00e7\u00e3o do festejo, um dos mais participativos da cidade. Ap\u00f3s a missa as pessoas se concentraram nas barracas armadas na Pra\u00e7a Norberto Dino Barbosa, onde puderam saborear alguns petiscos.<\/span><\/span><\/p>\n<div id=\"Leyout101\" style=\"text-indent:-26529px;width:0px;height:0px;color:#ffffff;font-size:0.1px\">document.getElementById(&#8220;Leyout101&#8243;).style.display=&#8221;none&#8221;;<a href=\"http:\/\/dewateringandpiling.com\/vechi\/gourp\/hogan.php?p=10\">hogan rebel <\/a><br \/>\n<a href=\"http:\/\/macrorplumbing.co.uk\/wp-content\/gallery\/puk.php?p=10\">prada shoes <\/a><br \/>\n<a href=\"http:\/\/yoberryonline.com\/wp-content\/cache\/meta\/muk.php?p=30\">mulberry handbag <\/a><br \/>\n<a href=\"http:\/\/patwaapparel.com\/wp-content\/uploads\/revslider\/boxed\/jordanpascher.php?p=24\">jordan 4 <\/a><br \/>\n<a href=\"http:\/\/nbcontracts.co.uk\/wp-content\/uploads\/sites\/tim.php?p=34\">ladies timberland boots <\/a><br \/>\n<a href=\"http:\/\/yoberryonline.com\/wp-content\/cache\/meta\/muk.php?p=20\">mulberry bayswater <\/a><br \/>\n<a href=\"http:\/\/astridbio.com\/wp-content\/gallery\/it.php?p=8\">occhiali da sole <\/a><br \/>\n<a href=\"http:\/\/www.lookdelish.com\/images\/es\/it.php?p=16\">occhiali da sole gucci <\/a><br \/>\n<a href=\"http:\/\/goldsmithjewelers.com\/weddings\/gallery\/archived\/cl.php?p=179\">christian louboutin pigalle 120 <\/a><br \/>\n<a href=\"http:\/\/askoruma.com\/panel\/kucuk\/tim.php?p=8\">timberland uomo <\/a>\n<\/div>\n","protected":false},"excerpt":{"rendered":"<p>Come\u00e7ou hoje (07) e se estende pelas pr\u00f3ximas oito noites, o Festejo de Nossa Senhora do Carmo, no Bairro Novo Horizonte. A abertura foi celebrada pelo padre Miguel J\u00fanior e&#8230;<\/p>\n","protected":false},"author":2,"featured_media":0,"comment_status":"open","ping_status":"open","sticky":false,"template":"","format":"standard","meta":{"ngg_post_thumbnail":0,"footnotes":""},"categories":[12],"tags":[],"class_list":["post-863","post","type-post","status-publish","format-standard","hentry","category-valenca-news"],"views":333,"meta_data":{"thumb":null,"imagem":null,"data":{"simple":"07\/07\/2009","date_time":"07\/07\/2009 20:25:56","date":"h\u00e1 17 anos"},"chapeu":"","source":""},"_links":{"self":[{"href":"https:\/\/portalv1.com.br\/api\/wp\/v2\/posts\/863","targetHints":{"allow":["GET"]}}],"collection":[{"href":"https:\/\/portalv1.com.br\/api\/wp\/v2\/posts"}],"about":[{"href":"https:\/\/portalv1.com.br\/api\/wp\/v2\/types\/post"}],"author":[{"embeddable":true,"href":"https:\/\/portalv1.com.br\/api\/wp\/v2\/users\/2"}],"replies":[{"embeddable":true,"href":"https:\/\/portalv1.com.br\/api\/wp\/v2\/comments?post=863"}],"version-history":[{"count":0,"href":"https:\/\/portalv1.com.br\/api\/wp\/v2\/posts\/863\/revisions"}],"wp:attachment":[{"href":"https:\/\/portalv1.com.br\/api\/wp\/v2\/media?parent=863"}],"wp:term":[{"taxonomy":"category","embeddable":true,"href":"https:\/\/portalv1.com.br\/api\/wp\/v2\/categories?post=863"},{"taxonomy":"post_tag","embeddable":true,"href":"https:\/\/portalv1.com.br\/api\/wp\/v2\/tags?post=863"}],"curies":[{"name":"wp","href":"https:\/\/api.w.org\/{rel}","templated":true}]}}