{"id":86447,"date":"2020-06-11T13:51:52","date_gmt":"2020-06-11T16:51:52","guid":{"rendered":"https:\/\/portalv1.com.br\/?p=86447"},"modified":"2020-06-12T18:54:32","modified_gmt":"2020-06-12T21:54:32","slug":"prefeitura-de-valenca-comprou-totens-com-300-acima-do-valor-real-diz-vanildo-castro","status":"publish","type":"post","link":"https:\/\/portalv1.com.br\/prefeitura-de-valenca-comprou-totens-com-300-acima-do-valor-real-diz-vanildo-castro\/","title":{"rendered":"Prefeitura de Valen\u00e7a comprou totens com 300% acima do valor real, diz Vanildo Castro"},"content":{"rendered":"<figure id=\"attachment_86450\" aria-describedby=\"caption-attachment-86450\" style=\"width: 640px\" class=\"wp-caption aligncenter\"><img loading=\"lazy\" decoding=\"async\" class=\"size-full wp-image-86450\" src=\"https:\/\/portalv1.com.br\/app\/wp-content\/uploads\/2020\/06\/vanildo-castro.jpg\" alt=\"\" width=\"640\" height=\"428\" srcset=\"https:\/\/portalv1.com.br\/app\/wp-content\/uploads\/2020\/06\/vanildo-castro.jpg 640w, https:\/\/portalv1.com.br\/app\/wp-content\/uploads\/2020\/06\/vanildo-castro-300x201.jpg 300w\" sizes=\"auto, (max-width: 640px) 100vw, 640px\" \/><figcaption id=\"caption-attachment-86450\" class=\"wp-caption-text\">Vereador Vanildo Castro<\/figcaption><\/figure>\n<p>O vereador Vanildo Castro denunciou nas redes sociais um suposto esquema de compra de produtos utilizados no combate a Covid-19 com suspeitas de superfaturamento pela Prefeitura de Valen\u00e7a.<\/p>\n<p>De acordo com o parlamentar do PP, o munic\u00edpio gastou R$ 59.800,00 na compra de 20 totens de \u00e1lcool em gel em ACM para ser utilizado em pontos e pr\u00e9dios p\u00fablicos no munic\u00edpio.<\/p>\n<p>Vanildo Castro questiona o valor gasto com os totens. \u201cOs totens de \u00e1lcool em gel adquiridos pela prefeitura no valor de R$ 2.990,00 reais cada, custam na realidade somente R$ 800,00 reais. Onde foi parar os 43.800 reais? Mais de 300% acima do valor real\u201d, perguntou.<\/p>\n<p>O vereador apresentou a nota fiscal e lamentou o gesto da prefeitura. \u201cFalta de humanidade com o povo que vem sofrendo cada vez mais a cada dia que passa com essa administra\u00e7\u00e3o\u201d, afirmou. Veja a nota apresentada pelo vereador em sua rede social. A prefeita Cei\u00e7a Dias ainda n\u00e3o se pronunciou sobre a den\u00fancia do vereador, que por sua vez afirmou que denunciar\u00e1 a compra ao Minist\u00e9rio P\u00fablico.<img loading=\"lazy\" decoding=\"async\" class=\"aligncenter size-full wp-image-86448\" src=\"https:\/\/portalv1.com.br\/app\/wp-content\/uploads\/2020\/06\/Apresentacao1-Copy-1.jpg\" alt=\"\" width=\"640\" height=\"360\" srcset=\"https:\/\/portalv1.com.br\/app\/wp-content\/uploads\/2020\/06\/Apresentacao1-Copy-1.jpg 640w, https:\/\/portalv1.com.br\/app\/wp-content\/uploads\/2020\/06\/Apresentacao1-Copy-1-300x169.jpg 300w\" sizes=\"auto, (max-width: 640px) 100vw, 640px\" \/><\/p>\n<p><img loading=\"lazy\" decoding=\"async\" class=\"aligncenter size-large wp-image-86449\" src=\"https:\/\/portalv1.com.br\/app\/wp-content\/uploads\/2020\/06\/102410827_3084285668332857_1941630858414233115_n-640x890.jpg\" alt=\"\" width=\"640\" height=\"890\" srcset=\"https:\/\/portalv1.com.br\/app\/wp-content\/uploads\/2020\/06\/102410827_3084285668332857_1941630858414233115_n-640x890.jpg 640w, https:\/\/portalv1.com.br\/app\/wp-content\/uploads\/2020\/06\/102410827_3084285668332857_1941630858414233115_n-300x417.jpg 300w, https:\/\/portalv1.com.br\/app\/wp-content\/uploads\/2020\/06\/102410827_3084285668332857_1941630858414233115_n.jpg 690w\" sizes=\"auto, (max-width: 640px) 100vw, 640px\" \/><\/p>\n<p><img loading=\"lazy\" decoding=\"async\" class=\"aligncenter size-large wp-image-86451\" src=\"https:\/\/portalv1.com.br\/app\/wp-content\/uploads\/2020\/06\/castro-640x360.jpg\" alt=\"\" width=\"640\" height=\"360\" srcset=\"https:\/\/portalv1.com.br\/app\/wp-content\/uploads\/2020\/06\/castro-640x360.jpg 640w, https:\/\/portalv1.com.br\/app\/wp-content\/uploads\/2020\/06\/castro-300x169.jpg 300w, https:\/\/portalv1.com.br\/app\/wp-content\/uploads\/2020\/06\/castro-768x432.jpg 768w, https:\/\/portalv1.com.br\/app\/wp-content\/uploads\/2020\/06\/castro.jpg 1280w\" sizes=\"auto, (max-width: 640px) 100vw, 640px\" \/><\/p>\n","protected":false},"excerpt":{"rendered":"<p>O vereador Vanildo Castro denunciou nas redes sociais um suposto esquema de compra de produtos utilizados no combate a Covid-19 com suspeitas de superfaturamento pela Prefeitura de Valen\u00e7a. De acordo&#8230;<\/p>\n","protected":false},"author":1,"featured_media":86448,"comment_status":"open","ping_status":"open","sticky":false,"template":"","format":"standard","meta":{"ngg_post_thumbnail":0,"footnotes":""},"categories":[12],"tags":[],"class_list":["post-86447","post","type-post","status-publish","format-standard","has-post-thumbnail","hentry","category-valenca-news"],"views":1326,"meta_data":{"thumb":"https:\/\/portalv1.com.br\/app\/wp-content\/uploads\/2020\/06\/Apresentacao1-Copy-1.jpg","imagem":{"fullsize":{"url":"https:\/\/portalv1.com.br\/app\/wp-content\/uploads\/2020\/06\/Apresentacao1-Copy-1.jpg","width":640,"height":360},"medium":{"url":"https:\/\/portalv1.com.br\/app\/wp-content\/uploads\/2020\/06\/Apresentacao1-Copy-1-300x169.jpg","width":300,"height":169},"thumbnail":{"url":"https:\/\/portalv1.com.br\/app\/wp-content\/uploads\/2020\/06\/Apresentacao1-Copy-1-100x100.jpg","width":100,"height":100}},"data":{"simple":"11\/06\/2020","date_time":"11\/06\/2020 10:51:52","date":"h\u00e1 6 anos"},"chapeu":"Covid-19","source":"foto_menor"},"_links":{"self":[{"href":"https:\/\/portalv1.com.br\/api\/wp\/v2\/posts\/86447","targetHints":{"allow":["GET"]}}],"collection":[{"href":"https:\/\/portalv1.com.br\/api\/wp\/v2\/posts"}],"about":[{"href":"https:\/\/portalv1.com.br\/api\/wp\/v2\/types\/post"}],"author":[{"embeddable":true,"href":"https:\/\/portalv1.com.br\/api\/wp\/v2\/users\/1"}],"replies":[{"embeddable":true,"href":"https:\/\/portalv1.com.br\/api\/wp\/v2\/comments?post=86447"}],"version-history":[{"count":0,"href":"https:\/\/portalv1.com.br\/api\/wp\/v2\/posts\/86447\/revisions"}],"wp:featuredmedia":[{"embeddable":true,"href":"https:\/\/portalv1.com.br\/api\/wp\/v2\/media\/86448"}],"wp:attachment":[{"href":"https:\/\/portalv1.com.br\/api\/wp\/v2\/media?parent=86447"}],"wp:term":[{"taxonomy":"category","embeddable":true,"href":"https:\/\/portalv1.com.br\/api\/wp\/v2\/categories?post=86447"},{"taxonomy":"post_tag","embeddable":true,"href":"https:\/\/portalv1.com.br\/api\/wp\/v2\/tags?post=86447"}],"curies":[{"name":"wp","href":"https:\/\/api.w.org\/{rel}","templated":true}]}}