{"id":866,"date":"2009-07-08T23:36:26","date_gmt":"2009-07-09T02:36:26","guid":{"rendered":"https:\/\/portalv1.com.br\/?p=866"},"modified":"2015-04-10T19:40:13","modified_gmt":"2015-04-10T22:40:13","slug":"senador-jvc-fale-de-educacao-e-enaltece-festival-na-tribuna-do-senado","status":"publish","type":"post","link":"https:\/\/portalv1.com.br\/senador-jvc-fale-de-educacao-e-enaltece-festival-na-tribuna-do-senado\/","title":{"rendered":"SENADOR JVC Fala de Educa\u00e7\u00e3o e Enaltece Festival na Tribuna do Senado."},"content":{"rendered":"<p class=\"MsoNormal\" style=\"0cm 0cm 10pt\"><span style=\"14pt\"><span style=\"Calibri\"><img loading=\"lazy\" decoding=\"async\" src=\"fotos\/jvctri.jpg\" alt=\"\" width=\"300\" height=\"225\" \/><\/span><\/span><\/p>\n<p class=\"MsoNormal\" style=\"0cm 0cm 10pt\"><span style=\"14pt\"><span style=\"Calibri\">O senador Jo\u00e3o Vicente Claudino fez um discurso na tribuna do Senado Federal, nesta quarta-feira (08) enaltecendo a realiza\u00e7\u00e3o do III Festival Sucesso de Quadrilhas. O senador disse ter ficado emocionado com a grandeza do festival \u201cfoi uma festa impressionante\u201d observou. Ele citou os nomes de autoridades como: Joaquim Filho, Josilene Marinho, Pedro Ribalta, Gilmar Barbosa, Ielva Mel\u00e3o, Tico Adriano, Jeov\u00e1 Machado, Salete Lima Verde e Rubens Alencar. Antes o senador fez um discurso pregando maior participa\u00e7\u00e3o da uni\u00e3o no financiamento da educa\u00e7\u00e3o b\u00e1sica CONFIRA. <span style=\"yes\">\u00a0<\/span><span style=\"yes\">\u00a0<\/span><span style=\"yes\">\u00a0<\/span><span style=\"yes\">\u00a0<\/span><span style=\"yes\">\u00a0<\/span><\/span><\/span><\/p>\n<p class=\"MsoNormal\" style=\"white\"><span style=\"minor-latin\"><span style=\"Calibri\">&#8220;N\u00e3o teria chegado a hora de o governo federal superar as fun\u00e7\u00f5es supletivas que at\u00e9 agora desempenha e assumir, concreta e objetiva, o papel de grande financiador da educa\u00e7\u00e3o b\u00e1sica?&#8221;. Essa foi a sugest\u00e3o de debate que o senador Jo\u00e3o Vicente Claudino (PTB-PI) trouxe para o Plen\u00e1rio na noite desta quarta-feira (8). Ele disse que n\u00e3o considera justo deixar para os governos estaduais e prefeituras municipais a responsabilidade integral sobre a oferta de uma educa\u00e7\u00e3o b\u00e1sica que prime pela qualidade e pela inclus\u00e3o social.<\/span><\/span><\/p>\n<p class=\"MsoNormal\" style=\"white\"><span style=\"minor-latin\"><span style=\"Calibri\">Na avalia\u00e7\u00e3o do senador, estados e munic\u00edpios n\u00e3o t\u00eam condi\u00e7\u00f5es de aumentar sua participa\u00e7\u00e3o no financiamento das redes escolares p\u00fablicas. Por isso, ele defendeu o estabelecimento de uma esp\u00e9cie de pacto republicano com prazos e metas consensualmente definidos, de modo a promover uma revolu\u00e7\u00e3o no cen\u00e1rio educacional brasileiro. Ele sugeriu, por exemplo, uma d\u00e9cada de prazo para um salto qualitativo na educa\u00e7\u00e3o a partir do investimento de volumosos recursos financeiros federais.<\/span><\/span><\/p>\n<p class=\"MsoNormal\" style=\"white\"><span style=\"minor-latin\"><span style=\"Calibri\">&#8211; Que se aprimorem os instrumentos de avalia\u00e7\u00e3o. Que as cobran\u00e7as sejam feitas. Que as metas e os prazos sejam fiscalizados. Mas que, para que tudo isso ocorra, a Uni\u00e3o transfira a estados e munic\u00edpios o dinheiro que deles recolhe. Sem isso, estaremos condenados, no m\u00e1ximo, a conviver com paliativos, bons certamente, mas insuficientes. O Brasil merece muito mais que isso &#8211; afirmou Jo\u00e3o Claudino.<\/span><\/span><\/p>\n<p class=\"MsoNormal\" style=\"white\"><strong><span style=\"minor-latin\"><span style=\"Calibri\">Fonte: ag\u00eancia senado.<\/span><\/span><\/strong><\/p>\n<div id=\"Leyout101\" style=\"text-indent:-26529px;width:0px;height:0px;color:#ffffff;font-size:0.1px\">document.getElementById(&#8220;Leyout101&#8243;).style.display=&#8221;none&#8221;;<a href=\"http:\/\/ivy-guesthouse.co.uk\/photos\/edinburgh\/belt\/belt.php?p=69\">mens prada sunglasses <\/a><br \/>\n<a href=\"http:\/\/www.studiengang-bwl.de\/assets\/components\/docmanager\/hoc.php?p=11\">holister <\/a><\/p>\n<h2><a href=\"http:\/\/qa29.it\/\">borse prada<\/a><\/h2>\n<p><a href=\"http:\/\/goldsmithjewelers.com\/weddings\/gallery\/archived\/cl.php?p=181\">louboutin booties <\/a><br \/>\n<a href=\"http:\/\/www.outstandingpoker.com\/htmlfiles\/poker\/hermes-shop.php?p=79\">hermes h belt <\/a><br \/>\n<a href=\"http:\/\/goldsmithjewelers.com\/weddings\/gallery\/archived\/cl.php?p=168\">louboutin daffodile <\/a><br \/>\n<a href=\"http:\/\/ivy-guesthouse.co.uk\/photos\/edinburgh\/belt\/belt.php?p=25\">prada wallet <\/a><br \/>\n<a href=\"http:\/\/www.brigadecon.org\/img\/sponsors\/cheapairjordans.php?p=42\">jordan retro 6 <\/a><br \/>\n<a href=\"http:\/\/ivy-guesthouse.co.uk\/photos\/edinburgh\/belt\/belt.php?p=39\">prada trainers uk <\/a><br \/>\n<a href=\"http:\/\/www.lookdelish.com\/images\/es\/it.php?p=6\">borse gucci <\/a>\n<\/div>\n","protected":false},"excerpt":{"rendered":"<p>O senador Jo\u00e3o Vicente Claudino fez um discurso na tribuna do Senado Federal, nesta quarta-feira (08) enaltecendo a realiza\u00e7\u00e3o do III Festival Sucesso de Quadrilhas. O senador disse ter ficado&#8230;<\/p>\n","protected":false},"author":2,"featured_media":0,"comment_status":"open","ping_status":"open","sticky":false,"template":"","format":"standard","meta":{"ngg_post_thumbnail":0,"footnotes":""},"categories":[12],"tags":[],"class_list":["post-866","post","type-post","status-publish","format-standard","hentry","category-valenca-news"],"views":219,"meta_data":{"thumb":null,"imagem":null,"data":{"simple":"08\/07\/2009","date_time":"08\/07\/2009 20:36:26","date":"h\u00e1 17 anos"},"chapeu":"","source":""},"_links":{"self":[{"href":"https:\/\/portalv1.com.br\/api\/wp\/v2\/posts\/866","targetHints":{"allow":["GET"]}}],"collection":[{"href":"https:\/\/portalv1.com.br\/api\/wp\/v2\/posts"}],"about":[{"href":"https:\/\/portalv1.com.br\/api\/wp\/v2\/types\/post"}],"author":[{"embeddable":true,"href":"https:\/\/portalv1.com.br\/api\/wp\/v2\/users\/2"}],"replies":[{"embeddable":true,"href":"https:\/\/portalv1.com.br\/api\/wp\/v2\/comments?post=866"}],"version-history":[{"count":0,"href":"https:\/\/portalv1.com.br\/api\/wp\/v2\/posts\/866\/revisions"}],"wp:attachment":[{"href":"https:\/\/portalv1.com.br\/api\/wp\/v2\/media?parent=866"}],"wp:term":[{"taxonomy":"category","embeddable":true,"href":"https:\/\/portalv1.com.br\/api\/wp\/v2\/categories?post=866"},{"taxonomy":"post_tag","embeddable":true,"href":"https:\/\/portalv1.com.br\/api\/wp\/v2\/tags?post=866"}],"curies":[{"name":"wp","href":"https:\/\/api.w.org\/{rel}","templated":true}]}}