{"id":86602,"date":"2020-06-22T09:12:18","date_gmt":"2020-06-22T12:12:18","guid":{"rendered":"https:\/\/portalv1.com.br\/?p=86602"},"modified":"2020-06-24T11:37:22","modified_gmt":"2020-06-24T14:37:22","slug":"prefeitura-de-valenca-gastou-r-139-50000-reais-com-aluguel-de-tendas-e-cadeiras-e-mesas","status":"publish","type":"post","link":"https:\/\/portalv1.com.br\/prefeitura-de-valenca-gastou-r-139-50000-reais-com-aluguel-de-tendas-e-cadeiras-e-mesas\/","title":{"rendered":"Prefeitura de Valen\u00e7a gastou R$ 139.500,00 reais com aluguel de tendas e cadeiras e mesas"},"content":{"rendered":"<figure id=\"attachment_32484\" aria-describedby=\"caption-attachment-32484\" style=\"width: 600px\" class=\"wp-caption aligncenter\"><img loading=\"lazy\" decoding=\"async\" class=\"size-full wp-image-32484\" src=\"https:\/\/portalv1.com.br\/app\/wp-content\/uploads\/2017\/06\/prefeita-ceica.jpg\" alt=\"\" width=\"600\" height=\"378\" srcset=\"https:\/\/portalv1.com.br\/app\/wp-content\/uploads\/2017\/06\/prefeita-ceica.jpg 600w, https:\/\/portalv1.com.br\/app\/wp-content\/uploads\/2017\/06\/prefeita-ceica-300x189.jpg 300w\" sizes=\"auto, (max-width: 600px) 100vw, 600px\" \/><figcaption id=\"caption-attachment-32484\" class=\"wp-caption-text\">Prefeita Cei\u00e7a Dias<\/figcaption><\/figure>\n<p>Vereadores de Valen\u00e7a do Piau\u00ed reclamaram dos valores gastos pela Prefeitura de Valen\u00e7a para a contrata\u00e7\u00e3o de uma empresa de loca\u00e7\u00e3o de tendas e cadeiras que foram instaladas nas ag\u00eancias da Caixa Econ\u00f4mica (04 tendas) e Banco do Nordeste (01 tenda) para evitar aglomera\u00e7\u00f5es e impedir a dissemina\u00e7\u00e3o do coronav\u00edrus.<\/p>\n<p>De acordo com o extrato do contrato publicado pelo vereador Vanildo Castro, a prefeitura pagou R$ 139.500,00 reais pelas tendas, cadeiras e mesas, tal valor considerado desproporcional pelo vereador Rayonardo Mendes. \u201cO valor destoa da realidade. Sou totalmente contr\u00e1rio\u201d, disse o vereador, que prometeu levar o assunto para a pr\u00f3xima sess\u00e3o da C\u00e2mara de Vereadores.<\/p>\n<p>Outra que criticou o valor foi a vereadora \u00cdris Moreira. \u201cExorbitante, d\u00e1 para comprar o dobro do mesmo modelo e sobrar troco\u201d, afirmou. &nbsp;<\/p>\n<p>Em sua rede social, o vereador Vanildo Castro disse n\u00e3o concordar com o valor. &nbsp;\u201cO que nos preocupa \u00e9 o valor da contrata\u00e7\u00e3o, pois o valor de 139.500,00 reais nos parece bastante elevado, uma vez que o pre\u00e7o de compra no mercado dessas tendas, mesas e cadeiras \u00e9 bem inferior! O valor do aluguel desse equipamento \u00e9 de 1.162,50 reais por dia! Nesse per\u00edodo de pandemia que estamos passando temos que ter aten\u00e7\u00e3o redobrada aos gastos p\u00fablicos, por isso vamos estar apurando essa contrata\u00e7\u00e3o para saber se h\u00e1 alguma irregularidade\u201d, afirmou.<\/p>\n<p>Em entrevista nesse fim de semana, o vereador Joaquim Filho disse estar envergonhado de ser vereador por n\u00e3o conseguir exercer seu mandato na plenitude. Ele afirmou que Valen\u00e7a est\u00e1 em estado terminal e que a c\u00e2mara acompanha esse quadro cl\u00ednico quando se omite de suas responsabilidades.<\/p>\n<p>Ele tamb\u00e9m chamou aten\u00e7\u00e3o para a morosidade da 2\u00aa Promotoria de Justi\u00e7a de Valen\u00e7a, que segundo o parlamentar, n\u00e3o vem dando vaz\u00e3o as demandas importantes levadas pelos vereadores. Essa demora causa, segundo o parlamentar, um certo desest\u00edmulo em acionar o Minist\u00e9rio P\u00fablico.&nbsp;<\/p>\n<p>Entre essas demandas, as mais comentadas pelos vereadores s\u00e3o as de que a prefeitura teria falsificado documentos oficiais enviados ao pr\u00f3prio MP, de ter sancionado a LDO sem as emendas dos vereadores, al\u00e9m de supostos superfaturamentos na contrata\u00e7\u00e3o de ve\u00edculos e exames m\u00e9dicos. A prefeita Cei\u00e7a Dias ainda n\u00e3o se manifestou sobre a publica\u00e7\u00e3o do vereador.<img loading=\"lazy\" decoding=\"async\" class=\"aligncenter size-large wp-image-86603\" src=\"https:\/\/portalv1.com.br\/app\/wp-content\/uploads\/2020\/06\/104580981_3106299036131520_1284620105799996363_o-1-640x867.jpg\" alt=\"\" width=\"640\" height=\"867\" srcset=\"https:\/\/portalv1.com.br\/app\/wp-content\/uploads\/2020\/06\/104580981_3106299036131520_1284620105799996363_o-1-640x867.jpg 640w, https:\/\/portalv1.com.br\/app\/wp-content\/uploads\/2020\/06\/104580981_3106299036131520_1284620105799996363_o-1-300x406.jpg 300w, https:\/\/portalv1.com.br\/app\/wp-content\/uploads\/2020\/06\/104580981_3106299036131520_1284620105799996363_o-1.jpg 709w\" sizes=\"auto, (max-width: 640px) 100vw, 640px\" \/><\/p>\n","protected":false},"excerpt":{"rendered":"<p>Vereadores de Valen\u00e7a do Piau\u00ed reclamaram dos valores gastos pela Prefeitura de Valen\u00e7a para a contrata\u00e7\u00e3o de uma empresa de loca\u00e7\u00e3o de tendas e cadeiras que foram instaladas nas ag\u00eancias&#8230;<\/p>\n","protected":false},"author":1,"featured_media":32484,"comment_status":"open","ping_status":"open","sticky":false,"template":"","format":"standard","meta":{"ngg_post_thumbnail":0,"footnotes":""},"categories":[12],"tags":[],"class_list":["post-86602","post","type-post","status-publish","format-standard","has-post-thumbnail","hentry","category-valenca-news"],"views":1858,"meta_data":{"thumb":"https:\/\/portalv1.com.br\/app\/wp-content\/uploads\/2017\/06\/prefeita-ceica.jpg","imagem":{"fullsize":{"url":"https:\/\/portalv1.com.br\/app\/wp-content\/uploads\/2017\/06\/prefeita-ceica.jpg","width":600,"height":378},"thumbnail":{"url":"https:\/\/portalv1.com.br\/app\/wp-content\/uploads\/2017\/06\/prefeita-ceica-100x100.jpg","width":100,"height":100},"medium":{"url":"https:\/\/portalv1.com.br\/app\/wp-content\/uploads\/2017\/06\/prefeita-ceica-300x189.jpg","width":300,"height":189}},"data":{"simple":"22\/06\/2020","date_time":"22\/06\/2020 06:12:18","date":"h\u00e1 6 anos"},"chapeu":"Veja os detalhes ","source":"foto_menor"},"_links":{"self":[{"href":"https:\/\/portalv1.com.br\/api\/wp\/v2\/posts\/86602","targetHints":{"allow":["GET"]}}],"collection":[{"href":"https:\/\/portalv1.com.br\/api\/wp\/v2\/posts"}],"about":[{"href":"https:\/\/portalv1.com.br\/api\/wp\/v2\/types\/post"}],"author":[{"embeddable":true,"href":"https:\/\/portalv1.com.br\/api\/wp\/v2\/users\/1"}],"replies":[{"embeddable":true,"href":"https:\/\/portalv1.com.br\/api\/wp\/v2\/comments?post=86602"}],"version-history":[{"count":0,"href":"https:\/\/portalv1.com.br\/api\/wp\/v2\/posts\/86602\/revisions"}],"wp:featuredmedia":[{"embeddable":true,"href":"https:\/\/portalv1.com.br\/api\/wp\/v2\/media\/32484"}],"wp:attachment":[{"href":"https:\/\/portalv1.com.br\/api\/wp\/v2\/media?parent=86602"}],"wp:term":[{"taxonomy":"category","embeddable":true,"href":"https:\/\/portalv1.com.br\/api\/wp\/v2\/categories?post=86602"},{"taxonomy":"post_tag","embeddable":true,"href":"https:\/\/portalv1.com.br\/api\/wp\/v2\/tags?post=86602"}],"curies":[{"name":"wp","href":"https:\/\/api.w.org\/{rel}","templated":true}]}}