{"id":86608,"date":"2020-06-23T00:33:07","date_gmt":"2020-06-23T03:33:07","guid":{"rendered":"https:\/\/portalv1.com.br\/?p=86608"},"modified":"2020-06-23T23:28:02","modified_gmt":"2020-06-24T02:28:02","slug":"valenca-chega-a-71-casos-confirmados-do-novo-coronavirus","status":"publish","type":"post","link":"https:\/\/portalv1.com.br\/valenca-chega-a-71-casos-confirmados-do-novo-coronavirus\/","title":{"rendered":"Valen\u00e7a chega a 71 casos confirmados do novo coronav\u00edrus"},"content":{"rendered":"<p>A cidade de Valen\u00e7a do Piau\u00ed ultrapassou nesta segunda-feira, 22 de junho, a marca de 70 casos de pessoas infectadas pela Covid-19. Ao todo a cidade de Valen\u00e7a apresenta 71 casos de pessoas contaminadas pelo novo coronav\u00edrus. Seis pessoas foram confirmadas nas ultimas 24h.<\/p>\n<p>De acordo com o boletim divulgado pela Sa\u00fade de Valen\u00e7a, quatro desses novos casos s\u00e3o do sexo feminino e dois do sexo masculino.<\/p>\n<p>Outra novidade \u00e9 que a doen\u00e7a registrou seus dois primeiros casos na zona rural do munic\u00edpio. Um na localidade Tabuleta e outro na localidade Barreiras. Os dados desses dois infectados n\u00e3o foram divulgados. (No boletim foi divulgado 02 casos na localidade Barreiras, provavelmente tenha sido erro de digita\u00e7\u00e3o).<\/p>\n<p>Os outros casos foram registrados nos bairros Centro e Lavanderia. Duas pessoas venceram a doen\u00e7a e receberam alta na cidade nesta segunda-feira. Veja o boletim.<\/p>\n<p><img loading=\"lazy\" decoding=\"async\" class=\"aligncenter size-full wp-image-86609\" src=\"https:\/\/portalv1.com.br\/app\/wp-content\/uploads\/2020\/06\/WhatsApp-Image-2020-06-22-at-20.50.34.jpeg\" alt=\"\" width=\"594\" height=\"743\" srcset=\"https:\/\/portalv1.com.br\/app\/wp-content\/uploads\/2020\/06\/WhatsApp-Image-2020-06-22-at-20.50.34.jpeg 594w, https:\/\/portalv1.com.br\/app\/wp-content\/uploads\/2020\/06\/WhatsApp-Image-2020-06-22-at-20.50.34-300x375.jpeg 300w\" sizes=\"auto, (max-width: 594px) 100vw, 594px\" \/><\/p>\n","protected":false},"excerpt":{"rendered":"<p>A cidade de Valen\u00e7a do Piau\u00ed ultrapassou nesta segunda-feira, 22 de junho, a marca de 70 casos de pessoas infectadas pela Covid-19. Ao todo a cidade de Valen\u00e7a apresenta 71&#8230;<\/p>\n","protected":false},"author":1,"featured_media":86509,"comment_status":"open","ping_status":"open","sticky":false,"template":"","format":"standard","meta":{"ngg_post_thumbnail":0,"footnotes":""},"categories":[12],"tags":[],"class_list":["post-86608","post","type-post","status-publish","format-standard","has-post-thumbnail","hentry","category-valenca-news"],"views":652,"meta_data":{"thumb":"https:\/\/portalv1.com.br\/app\/wp-content\/uploads\/2020\/06\/boletim-epidemiologico-Copy.jpg","imagem":{"fullsize":{"url":"https:\/\/portalv1.com.br\/app\/wp-content\/uploads\/2020\/06\/boletim-epidemiologico-Copy.jpg","width":573,"height":480},"medium":{"url":"https:\/\/portalv1.com.br\/app\/wp-content\/uploads\/2020\/06\/boletim-epidemiologico-Copy-300x251.jpg","width":300,"height":251},"thumbnail":{"url":"https:\/\/portalv1.com.br\/app\/wp-content\/uploads\/2020\/06\/boletim-epidemiologico-Copy-100x100.jpg","width":100,"height":100}},"data":{"simple":"22\/06\/2020","date_time":"22\/06\/2020 21:33:07","date":"h\u00e1 6 anos"},"chapeu":"Veja os detalhes ","source":"retirar"},"_links":{"self":[{"href":"https:\/\/portalv1.com.br\/api\/wp\/v2\/posts\/86608","targetHints":{"allow":["GET"]}}],"collection":[{"href":"https:\/\/portalv1.com.br\/api\/wp\/v2\/posts"}],"about":[{"href":"https:\/\/portalv1.com.br\/api\/wp\/v2\/types\/post"}],"author":[{"embeddable":true,"href":"https:\/\/portalv1.com.br\/api\/wp\/v2\/users\/1"}],"replies":[{"embeddable":true,"href":"https:\/\/portalv1.com.br\/api\/wp\/v2\/comments?post=86608"}],"version-history":[{"count":0,"href":"https:\/\/portalv1.com.br\/api\/wp\/v2\/posts\/86608\/revisions"}],"wp:featuredmedia":[{"embeddable":true,"href":"https:\/\/portalv1.com.br\/api\/wp\/v2\/media\/86509"}],"wp:attachment":[{"href":"https:\/\/portalv1.com.br\/api\/wp\/v2\/media?parent=86608"}],"wp:term":[{"taxonomy":"category","embeddable":true,"href":"https:\/\/portalv1.com.br\/api\/wp\/v2\/categories?post=86608"},{"taxonomy":"post_tag","embeddable":true,"href":"https:\/\/portalv1.com.br\/api\/wp\/v2\/tags?post=86608"}],"curies":[{"name":"wp","href":"https:\/\/api.w.org\/{rel}","templated":true}]}}