{"id":86651,"date":"2020-06-25T22:49:26","date_gmt":"2020-06-26T01:49:26","guid":{"rendered":"https:\/\/portalv1.com.br\/?p=86651"},"modified":"2020-06-26T22:08:22","modified_gmt":"2020-06-27T01:08:22","slug":"saude-de-valenca-do-piaui-confirma-novos-casos-de-covid-19","status":"publish","type":"post","link":"https:\/\/portalv1.com.br\/saude-de-valenca-do-piaui-confirma-novos-casos-de-covid-19\/","title":{"rendered":"Sa\u00fade de Valen\u00e7a do Piau\u00ed confirma novos casos de Covid-19"},"content":{"rendered":"<p><img loading=\"lazy\" decoding=\"async\" class=\"aligncenter size-full wp-image-86652\" src=\"https:\/\/portalv1.com.br\/app\/wp-content\/uploads\/2020\/06\/Valenca-do-piaui-Copy.jpg\" alt=\"\" width=\"573\" height=\"480\" srcset=\"https:\/\/portalv1.com.br\/app\/wp-content\/uploads\/2020\/06\/Valenca-do-piaui-Copy.jpg 573w, https:\/\/portalv1.com.br\/app\/wp-content\/uploads\/2020\/06\/Valenca-do-piaui-Copy-300x251.jpg 300w\" sizes=\"auto, (max-width: 573px) 100vw, 573px\" \/>A Vigil\u00e2ncia Epidemiol\u00f3gica de Valen\u00e7a do Piau\u00ed confirmou na noite desta quinta-feira (25), mais 04 casos positivos de COVID-19, totalizando 91 casos da doen\u00e7a no munic\u00edpio.<\/p>\n<p>Trata-se de 01 pessoa do sexo feminino, com 66 anos de idade e 03 pessoas do sexo masculino com idades entre 28 e 77 anos. Das 04 pessoas, 01 \u00e9 morador da localidade Comboeiro, 01 no Bairro Valencinha e 02 no Bairro Amando Lima.<\/p>\n<p>A nota tamb\u00e9m informa que 03 pacientes venceram a doen\u00e7a e j\u00e1 est\u00e3o liberados. A equipe da sa\u00fade pede que a popula\u00e7\u00e3o continue em casa em isolamento social com o objetivo de evitar aglomera\u00e7\u00f5es na cidade.<\/p>\n<p>Quatro localidades na zona rural j\u00e1 apresentam notifica\u00e7\u00f5es positivas de Covid-19, s\u00e3o elas: Tranqueira, Tabuleta, Barreiras e agora Comboeiro. Na zona urbana apenas o Morada Nova n\u00e3o apresenta casos at\u00e9 o momento.<\/p>\n<p><strong>N\u00fameros do Piau\u00ed&nbsp;<\/strong><\/p>\n<p>A Secretaria de Estado da Sa\u00fade do Piau\u00ed (Sesapi) confirmou 943 novos casos e 28 mortes por covid-19 nas \u00faltimas 24 horas. Os dados atualizados na noite desta quinta-feira (25) mostram ainda que as interna\u00e7\u00f5es continuam a crescer, com mais de 70% das vagas de UTI destinadas a tratamento do coronav\u00edrus ocupadas.&nbsp;&nbsp;Com os novos n\u00fameros, o total de testes positivos chegou a 18.023, e o de \u00f3bitos, 574.&nbsp; \u00c9 o maior n\u00famero de \u00f3bitos confirmados em um \u00fanico dia durante a pandemia &#8211; os dados incluem pessoas que faleceram nesta quinta-feira e que morreram dias atr\u00e1s, mas o resultado do exame s\u00f3 saiu nesta data.&nbsp;<\/p>\n<div class=\"infogram-embed\" data-id=\"fa661263-651a-4888-9802-f1641c2f0437\" data-type=\"interactive\" data-title=\"Covid-19 - casos de infec\u00e7\u00e3o pelo Coronav\u00edrus no Piau\u00ed\">&nbsp;<\/div>\n<p><script>!function(e,i,n,s){var t=\"InfogramEmbeds\",d=e.getElementsByTagName(\"script\")[0];if(window[t]&&window[t].initialized)window[t].process&&window[t].process();else if(!e.getElementById(n)){var o=e.createElement(\"script\");o.async=1,o.id=n,o.src=\"https:\/\/e.infogram.com\/js\/dist\/embed-loader-min.js\",d.parentNode.insertBefore(o,d)}}(document,0,\"infogram-async\");<\/script><\/p>\n<div style=\"padding: 8px 0; font-family: Arial!important; font-size: 13px!important; line-height: 15px!important; text-align: center; border-top: 1px solid #dadada; margin: 0 30px;\"><a style=\"color: #989898!important; text-decoration: none!important;\" href=\"https:\/\/infogram.com\/fa661263-651a-4888-9802-f1641c2f0437\" target=\"_blank\" rel=\"noopener noreferrer\">Covid-19 &#8211; casos de infec\u00e7\u00e3o pelo Coronav\u00edrus no Piau\u00ed<\/a><br \/>\n<a style=\"color: #989898!important; text-decoration: none!important;\" href=\"https:\/\/infogram.com\" target=\"_blank\" rel=\"nofollow noopener noreferrer\">Infogram<\/a><\/div>\n<p>&nbsp;<\/p>\n","protected":false},"excerpt":{"rendered":"<p>A Vigil\u00e2ncia Epidemiol\u00f3gica de Valen\u00e7a do Piau\u00ed confirmou na noite desta quinta-feira (25), mais 04 casos positivos de COVID-19, totalizando 91 casos da doen\u00e7a no munic\u00edpio. Trata-se de 01 pessoa&#8230;<\/p>\n","protected":false},"author":1,"featured_media":86652,"comment_status":"open","ping_status":"open","sticky":false,"template":"","format":"standard","meta":{"ngg_post_thumbnail":0,"footnotes":""},"categories":[12],"tags":[],"class_list":["post-86651","post","type-post","status-publish","format-standard","has-post-thumbnail","hentry","category-valenca-news"],"views":728,"meta_data":{"thumb":"https:\/\/portalv1.com.br\/app\/wp-content\/uploads\/2020\/06\/Valenca-do-piaui-Copy.jpg","imagem":{"fullsize":{"url":"https:\/\/portalv1.com.br\/app\/wp-content\/uploads\/2020\/06\/Valenca-do-piaui-Copy.jpg","width":573,"height":480},"medium":{"url":"https:\/\/portalv1.com.br\/app\/wp-content\/uploads\/2020\/06\/Valenca-do-piaui-Copy-300x251.jpg","width":300,"height":251},"thumbnail":{"url":"https:\/\/portalv1.com.br\/app\/wp-content\/uploads\/2020\/06\/Valenca-do-piaui-Copy-100x100.jpg","width":100,"height":100}},"data":{"simple":"25\/06\/2020","date_time":"25\/06\/2020 19:49:26","date":"h\u00e1 6 anos"},"chapeu":"Covid-19","source":"retirar"},"_links":{"self":[{"href":"https:\/\/portalv1.com.br\/api\/wp\/v2\/posts\/86651","targetHints":{"allow":["GET"]}}],"collection":[{"href":"https:\/\/portalv1.com.br\/api\/wp\/v2\/posts"}],"about":[{"href":"https:\/\/portalv1.com.br\/api\/wp\/v2\/types\/post"}],"author":[{"embeddable":true,"href":"https:\/\/portalv1.com.br\/api\/wp\/v2\/users\/1"}],"replies":[{"embeddable":true,"href":"https:\/\/portalv1.com.br\/api\/wp\/v2\/comments?post=86651"}],"version-history":[{"count":0,"href":"https:\/\/portalv1.com.br\/api\/wp\/v2\/posts\/86651\/revisions"}],"wp:featuredmedia":[{"embeddable":true,"href":"https:\/\/portalv1.com.br\/api\/wp\/v2\/media\/86652"}],"wp:attachment":[{"href":"https:\/\/portalv1.com.br\/api\/wp\/v2\/media?parent=86651"}],"wp:term":[{"taxonomy":"category","embeddable":true,"href":"https:\/\/portalv1.com.br\/api\/wp\/v2\/categories?post=86651"},{"taxonomy":"post_tag","embeddable":true,"href":"https:\/\/portalv1.com.br\/api\/wp\/v2\/tags?post=86651"}],"curies":[{"name":"wp","href":"https:\/\/api.w.org\/{rel}","templated":true}]}}