{"id":86726,"date":"2020-06-26T16:58:06","date_gmt":"2020-06-26T19:58:06","guid":{"rendered":"https:\/\/portalv1.com.br\/?p=86726"},"modified":"2020-06-26T16:59:04","modified_gmt":"2020-06-26T19:59:04","slug":"vereador-joaquim-filho-critica-interferencia-da-prefeitura-na-camara-ouca","status":"publish","type":"post","link":"https:\/\/portalv1.com.br\/vereador-joaquim-filho-critica-interferencia-da-prefeitura-na-camara-ouca\/","title":{"rendered":"Vereador Joaquim Filho critica interfer\u00eancia da prefeitura na C\u00e2mara. OU\u00c7A"},"content":{"rendered":"<figure id=\"attachment_86171\" aria-describedby=\"caption-attachment-86171\" style=\"width: 640px\" class=\"wp-caption aligncenter\"><img loading=\"lazy\" decoding=\"async\" class=\"wp-image-86171 size-full\" src=\"https:\/\/portalv1.com.br\/app\/wp-content\/uploads\/2020\/05\/joaquim-filho-Copy.jpg\" alt=\"\" width=\"640\" height=\"360\" srcset=\"https:\/\/portalv1.com.br\/app\/wp-content\/uploads\/2020\/05\/joaquim-filho-Copy.jpg 640w, https:\/\/portalv1.com.br\/app\/wp-content\/uploads\/2020\/05\/joaquim-filho-Copy-300x169.jpg 300w\" sizes=\"auto, (max-width: 640px) 100vw, 640px\" \/><figcaption id=\"caption-attachment-86171\" class=\"wp-caption-text\">Joaquim Filho<\/figcaption><\/figure>\n<p>Em entrevista nessa sexta-feira (26), a R\u00e1dio Confedera\u00e7\u00e3o Valenciana, o vereador Joaquim Filho lamentou a interfer\u00eancia que a prefeita Cei\u00e7a Dias vem querendo impor a C\u00e2mara Municipal de Vereadores. Para o vereador, a prefeita parece n\u00e3o entender que o Poder Legislativo \u00e9 independente e que a gest\u00e3o conta hoje com apenas dois dos onze vereadores, por isso essas interfer\u00eancias n\u00e3o passar\u00e3o, especialmente, quando essas interfer\u00eancias ferem as leis e a ordem do parlamento.<\/p>\n<p>Como exemplo, ele citou a tentativa por parte do Executivo em barrar o desejo da maioria dos vereadores em continuarem trabalhando em julho, tendo em vista que nesse primeiro semestre os vereadores realizaram apenas duas sess\u00f5es ordin\u00e1rias.<\/p>\n<p>Joaquim Filho afirmou que conversou com o presidente Lucivaldo Monteiro e o vice-presidente Leilivan Martins, assim como assessores da prefeitura e demais colegas, mas foi surpreendido com a afirmativa de que a prefeita Cei\u00e7a Dias n\u00e3o queria que a c\u00e2mara trabalhasse no recesso de julho para, segundo os vereadores, n\u00e3o descobrirem erros da gest\u00e3o.<\/p>\n<p>Outra quest\u00e3o \u00e9 com a tramita\u00e7\u00e3o da LDO, que de acordo com Joaquim Filho, a prefeitura quer que os vereadores aprovem a LDO amanh\u00e3 sem nenhum conhecimento do seu conte\u00fado. Ele afirmou que a LDO deveria ter chegado em mar\u00e7o ou abril, mas ela s\u00f3 foi lida na \u00faltima sexta-feira.<\/p>\n<p>Outro ponto abordado pelo vereador diz respeito ao envio de um projeto que aumenta o sal\u00e1rio dos secret\u00e1rios municipais. Joaquim Filho, que j\u00e1 foi presidente da casa por quatro mandatos, disse que esse projeto n\u00e3o tem validade para essa legislatura. Ele informou que os sal\u00e1rios do prefeito, vice-prefeito, secret\u00e1rios e vereadores \u00e9 votado sempre para os pr\u00f3ximos quatro anos, n\u00e3o tendo validade para essa legislatura.<\/p>\n<p>Joaquim Filho relatou que em quase 22 anos de parlamento nunca tinha visto essa tentativa de interfer\u00eancia por parta do Executivo e concluiu dizendo que as pessoas que assessoram a prefeitura parecem n\u00e3o conhecer a legisla\u00e7\u00e3o. Os vereadores se re\u00fanem em sess\u00e3o online logo mais \u00e0s 20h. Clique e ou\u00e7a a entrevista do vereador.<br \/>\n<div class=\"content-iframe\" data-content-width=\"600\"><iframe loading=\"lazy\" style=\"border: none; overflow: hidden;\" src=\"https:\/\/www.facebook.com\/plugins\/video.php?href=https%3A%2F%2Fwww.facebook.com%2FSergioAlvesValenca%2Fvideos%2F3087698711276581%2F&amp;show_text=0&amp;width=560\" width=\"560\" height=\"385\" frameborder=\"0\" scrolling=\"no\" allowfullscreen=\"allowfullscreen\"><\/iframe><\/div><\/p>\n","protected":false},"excerpt":{"rendered":"<p>Em entrevista nessa sexta-feira (26), a R\u00e1dio Confedera\u00e7\u00e3o Valenciana, o vereador Joaquim Filho lamentou a interfer\u00eancia que a prefeita Cei\u00e7a Dias vem querendo impor a C\u00e2mara Municipal de Vereadores. Para&#8230;<\/p>\n","protected":false},"author":1,"featured_media":86171,"comment_status":"open","ping_status":"open","sticky":false,"template":"","format":"standard","meta":{"ngg_post_thumbnail":0,"footnotes":""},"categories":[12],"tags":[],"class_list":["post-86726","post","type-post","status-publish","format-standard","has-post-thumbnail","hentry","category-valenca-news"],"views":688,"meta_data":{"thumb":"https:\/\/portalv1.com.br\/app\/wp-content\/uploads\/2020\/05\/joaquim-filho-Copy.jpg","imagem":{"fullsize":{"url":"https:\/\/portalv1.com.br\/app\/wp-content\/uploads\/2020\/05\/joaquim-filho-Copy.jpg","width":640,"height":360},"medium":{"url":"https:\/\/portalv1.com.br\/app\/wp-content\/uploads\/2020\/05\/joaquim-filho-Copy-300x169.jpg","width":300,"height":169},"thumbnail":{"url":"https:\/\/portalv1.com.br\/app\/wp-content\/uploads\/2020\/05\/joaquim-filho-Copy-100x100.jpg","width":100,"height":100}},"data":{"simple":"26\/06\/2020","date_time":"26\/06\/2020 13:58:06","date":"h\u00e1 6 anos"},"chapeu":"Veja os detalhes ","source":"m_destacada"},"_links":{"self":[{"href":"https:\/\/portalv1.com.br\/api\/wp\/v2\/posts\/86726","targetHints":{"allow":["GET"]}}],"collection":[{"href":"https:\/\/portalv1.com.br\/api\/wp\/v2\/posts"}],"about":[{"href":"https:\/\/portalv1.com.br\/api\/wp\/v2\/types\/post"}],"author":[{"embeddable":true,"href":"https:\/\/portalv1.com.br\/api\/wp\/v2\/users\/1"}],"replies":[{"embeddable":true,"href":"https:\/\/portalv1.com.br\/api\/wp\/v2\/comments?post=86726"}],"version-history":[{"count":0,"href":"https:\/\/portalv1.com.br\/api\/wp\/v2\/posts\/86726\/revisions"}],"wp:featuredmedia":[{"embeddable":true,"href":"https:\/\/portalv1.com.br\/api\/wp\/v2\/media\/86171"}],"wp:attachment":[{"href":"https:\/\/portalv1.com.br\/api\/wp\/v2\/media?parent=86726"}],"wp:term":[{"taxonomy":"category","embeddable":true,"href":"https:\/\/portalv1.com.br\/api\/wp\/v2\/categories?post=86726"},{"taxonomy":"post_tag","embeddable":true,"href":"https:\/\/portalv1.com.br\/api\/wp\/v2\/tags?post=86726"}],"curies":[{"name":"wp","href":"https:\/\/api.w.org\/{rel}","templated":true}]}}