{"id":86730,"date":"2020-06-26T22:07:51","date_gmt":"2020-06-27T01:07:51","guid":{"rendered":"https:\/\/portalv1.com.br\/?p=86730"},"modified":"2020-06-27T22:05:55","modified_gmt":"2020-06-28T01:05:55","slug":"secretaria-de-saude-registra-mais-04-casos-de-covid-19-em-valenca","status":"publish","type":"post","link":"https:\/\/portalv1.com.br\/secretaria-de-saude-registra-mais-04-casos-de-covid-19-em-valenca\/","title":{"rendered":"Secretaria de Sa\u00fade registra mais 04 casos de Covid-19 em Valen\u00e7a"},"content":{"rendered":"<p>A Secretaria Municipal de Sa\u00fade de Valen\u00e7a informou na noite desta sexta-feira (26), que a cidade de Valen\u00e7a conta hoje com 95 casos confirmados para o novo Coronav\u00edrus desde o in\u00edcio da pandemia.<\/p>\n<p>Nas \u00faltimas 24 horas, houve 04 novas confirma\u00e7\u00f5es nos bairros Amando Lima, Centro, Novo Horizonte e no bairro Campestre.<\/p>\n<p>A secretaria divulgou ainda que 27 pessoas est\u00e3o recuperadas, 36 pessoas s\u00e3o monitoradas e dos 95 casos 50 s\u00e3o do sexo feminino e 45 do sexo masculino, 02 \u00f3bitos e duas pessoas recuperadas.<\/p>\n<p>\u201cPedimos a todos que continuem adotando as medidas precau\u00e7\u00e3o orientadas pelos \u00f3rg\u00e3os competentes. A qualquer sinal de sintoma procure a UBS do seu Bairro\u201d, diz a nota.<img loading=\"lazy\" decoding=\"async\" class=\"aligncenter size-large wp-image-86731\" src=\"https:\/\/portalv1.com.br\/app\/wp-content\/uploads\/2020\/06\/106238945_3349626395099494_900535148002925298_o-640x800.jpg\" alt=\"\" width=\"640\" height=\"800\" srcset=\"https:\/\/portalv1.com.br\/app\/wp-content\/uploads\/2020\/06\/106238945_3349626395099494_900535148002925298_o-640x800.jpg 640w, https:\/\/portalv1.com.br\/app\/wp-content\/uploads\/2020\/06\/106238945_3349626395099494_900535148002925298_o-300x375.jpg 300w, https:\/\/portalv1.com.br\/app\/wp-content\/uploads\/2020\/06\/106238945_3349626395099494_900535148002925298_o.jpg 768w\" sizes=\"auto, (max-width: 640px) 100vw, 640px\" \/><\/p>\n","protected":false},"excerpt":{"rendered":"<p>A Secretaria Municipal de Sa\u00fade de Valen\u00e7a informou na noite desta sexta-feira (26), que a cidade de Valen\u00e7a conta hoje com 95 casos confirmados para o novo Coronav\u00edrus desde o&#8230;<\/p>\n","protected":false},"author":1,"featured_media":86731,"comment_status":"open","ping_status":"open","sticky":false,"template":"","format":"standard","meta":{"ngg_post_thumbnail":0,"footnotes":""},"categories":[12],"tags":[],"class_list":["post-86730","post","type-post","status-publish","format-standard","has-post-thumbnail","hentry","category-valenca-news"],"views":917,"meta_data":{"thumb":"https:\/\/portalv1.com.br\/app\/wp-content\/uploads\/2020\/06\/106238945_3349626395099494_900535148002925298_o.jpg","imagem":{"fullsize":{"url":"https:\/\/portalv1.com.br\/app\/wp-content\/uploads\/2020\/06\/106238945_3349626395099494_900535148002925298_o.jpg","width":768,"height":960},"medium":{"url":"https:\/\/portalv1.com.br\/app\/wp-content\/uploads\/2020\/06\/106238945_3349626395099494_900535148002925298_o-300x375.jpg","width":300,"height":375},"large":{"url":"https:\/\/portalv1.com.br\/app\/wp-content\/uploads\/2020\/06\/106238945_3349626395099494_900535148002925298_o-640x800.jpg","width":640,"height":800},"thumbnail":{"url":"https:\/\/portalv1.com.br\/app\/wp-content\/uploads\/2020\/06\/106238945_3349626395099494_900535148002925298_o-100x100.jpg","width":100,"height":100}},"data":{"simple":"26\/06\/2020","date_time":"26\/06\/2020 19:07:51","date":"h\u00e1 6 anos"},"chapeu":"Covid-19","source":"retirar"},"_links":{"self":[{"href":"https:\/\/portalv1.com.br\/api\/wp\/v2\/posts\/86730","targetHints":{"allow":["GET"]}}],"collection":[{"href":"https:\/\/portalv1.com.br\/api\/wp\/v2\/posts"}],"about":[{"href":"https:\/\/portalv1.com.br\/api\/wp\/v2\/types\/post"}],"author":[{"embeddable":true,"href":"https:\/\/portalv1.com.br\/api\/wp\/v2\/users\/1"}],"replies":[{"embeddable":true,"href":"https:\/\/portalv1.com.br\/api\/wp\/v2\/comments?post=86730"}],"version-history":[{"count":0,"href":"https:\/\/portalv1.com.br\/api\/wp\/v2\/posts\/86730\/revisions"}],"wp:featuredmedia":[{"embeddable":true,"href":"https:\/\/portalv1.com.br\/api\/wp\/v2\/media\/86731"}],"wp:attachment":[{"href":"https:\/\/portalv1.com.br\/api\/wp\/v2\/media?parent=86730"}],"wp:term":[{"taxonomy":"category","embeddable":true,"href":"https:\/\/portalv1.com.br\/api\/wp\/v2\/categories?post=86730"},{"taxonomy":"post_tag","embeddable":true,"href":"https:\/\/portalv1.com.br\/api\/wp\/v2\/tags?post=86730"}],"curies":[{"name":"wp","href":"https:\/\/api.w.org\/{rel}","templated":true}]}}