{"id":86732,"date":"2020-06-27T10:21:17","date_gmt":"2020-06-27T13:21:17","guid":{"rendered":"https:\/\/portalv1.com.br\/?p=86732"},"modified":"2020-06-28T22:48:01","modified_gmt":"2020-06-29T01:48:01","slug":"prefeitura-de-valenca-baixa-novo-decreto-e-realizara-barreiras-sanitarias","status":"publish","type":"post","link":"https:\/\/portalv1.com.br\/prefeitura-de-valenca-baixa-novo-decreto-e-realizara-barreiras-sanitarias\/","title":{"rendered":"Prefeitura de Valen\u00e7a baixa novo decreto e realizar\u00e1 barreiras sanit\u00e1rias"},"content":{"rendered":"<figure id=\"attachment_86733\" aria-describedby=\"caption-attachment-86733\" style=\"width: 600px\" class=\"wp-caption aligncenter\"><img loading=\"lazy\" decoding=\"async\" class=\"size-full wp-image-86733\" src=\"https:\/\/portalv1.com.br\/app\/wp-content\/uploads\/2020\/06\/95923120_1582792875218335_8549471421636542464_n.jpg\" alt=\"\" width=\"600\" height=\"295\" srcset=\"https:\/\/portalv1.com.br\/app\/wp-content\/uploads\/2020\/06\/95923120_1582792875218335_8549471421636542464_n.jpg 600w, https:\/\/portalv1.com.br\/app\/wp-content\/uploads\/2020\/06\/95923120_1582792875218335_8549471421636542464_n-300x148.jpg 300w\" sizes=\"auto, (max-width: 600px) 100vw, 600px\" \/><figcaption id=\"caption-attachment-86733\" class=\"wp-caption-text\">Valen\u00e7a do Piaui<\/figcaption><\/figure>\n<p>A prefeita de Valen\u00e7a do Piau\u00ed, Cei\u00e7a Dias, emitiu nesta sexta-feira (26\/06), um of\u00edcio&nbsp;aos Exm\u00bas Senhores Prefeitos dos Munic\u00edpios de: Aroazes, Elesb\u00e3o Veloso, Santa Cruz dos Milagres, Pimenteiras, Lagoa do S\u00edtio, Barra D\u2019Alc\u00e2ntara, Ipiranga, Novo Oriente e Inhuma do Piau\u00ed Prezados Colegas.<\/p>\n<p>No oficio a gestora informar que nos dias 27 e 28 de junho de 2020&nbsp;e dias 04 e 05 de julho de 2020, ser\u00e3o realizadas barreiras em todo munic\u00edpio de Valen\u00e7a, com o objetivo prec\u00edpuo de conter a prolifera\u00e7\u00e3o da Covid-19. Assim, mantendo a parceria e harmonia entre os munic\u00edpios.<\/p>\n<a href=\"https:\/\/portalv1.com.br\/app\/wp-content\/uploads\/2020\/06\/decreto-35-2020-1.pdf\" class=\"pdfemb-viewer\" style=\"\" data-width=\"max\" data-height=\"max\" data-toolbar=\"bottom\" data-toolbar-fixed=\"off\">decreto-35---2020 (1)<\/a>\n<p>Fonte: 180graus<\/p>\n","protected":false},"excerpt":{"rendered":"<p>A prefeita de Valen\u00e7a do Piau\u00ed, Cei\u00e7a Dias, emitiu nesta sexta-feira (26\/06), um of\u00edcio&nbsp;aos Exm\u00bas Senhores Prefeitos dos Munic\u00edpios de: Aroazes, Elesb\u00e3o Veloso, Santa Cruz dos Milagres, Pimenteiras, Lagoa do&#8230;<\/p>\n","protected":false},"author":1,"featured_media":86733,"comment_status":"open","ping_status":"open","sticky":false,"template":"","format":"standard","meta":{"ngg_post_thumbnail":0,"footnotes":""},"categories":[12],"tags":[],"class_list":["post-86732","post","type-post","status-publish","format-standard","has-post-thumbnail","hentry","category-valenca-news"],"views":1474,"meta_data":{"thumb":"https:\/\/portalv1.com.br\/app\/wp-content\/uploads\/2020\/06\/95923120_1582792875218335_8549471421636542464_n.jpg","imagem":{"fullsize":{"url":"https:\/\/portalv1.com.br\/app\/wp-content\/uploads\/2020\/06\/95923120_1582792875218335_8549471421636542464_n.jpg","width":600,"height":295},"medium":{"url":"https:\/\/portalv1.com.br\/app\/wp-content\/uploads\/2020\/06\/95923120_1582792875218335_8549471421636542464_n-300x148.jpg","width":300,"height":148},"thumbnail":{"url":"https:\/\/portalv1.com.br\/app\/wp-content\/uploads\/2020\/06\/95923120_1582792875218335_8549471421636542464_n-100x100.jpg","width":100,"height":100}},"data":{"simple":"27\/06\/2020","date_time":"27\/06\/2020 07:21:17","date":"h\u00e1 6 anos"},"chapeu":"Acesse decreto","source":"slide"},"_links":{"self":[{"href":"https:\/\/portalv1.com.br\/api\/wp\/v2\/posts\/86732","targetHints":{"allow":["GET"]}}],"collection":[{"href":"https:\/\/portalv1.com.br\/api\/wp\/v2\/posts"}],"about":[{"href":"https:\/\/portalv1.com.br\/api\/wp\/v2\/types\/post"}],"author":[{"embeddable":true,"href":"https:\/\/portalv1.com.br\/api\/wp\/v2\/users\/1"}],"replies":[{"embeddable":true,"href":"https:\/\/portalv1.com.br\/api\/wp\/v2\/comments?post=86732"}],"version-history":[{"count":0,"href":"https:\/\/portalv1.com.br\/api\/wp\/v2\/posts\/86732\/revisions"}],"wp:featuredmedia":[{"embeddable":true,"href":"https:\/\/portalv1.com.br\/api\/wp\/v2\/media\/86733"}],"wp:attachment":[{"href":"https:\/\/portalv1.com.br\/api\/wp\/v2\/media?parent=86732"}],"wp:term":[{"taxonomy":"category","embeddable":true,"href":"https:\/\/portalv1.com.br\/api\/wp\/v2\/categories?post=86732"},{"taxonomy":"post_tag","embeddable":true,"href":"https:\/\/portalv1.com.br\/api\/wp\/v2\/tags?post=86732"}],"curies":[{"name":"wp","href":"https:\/\/api.w.org\/{rel}","templated":true}]}}