{"id":869,"date":"2009-07-09T11:05:29","date_gmt":"2009-07-09T14:05:29","guid":{"rendered":"https:\/\/portalv1.com.br\/?p=869"},"modified":"2015-04-10T19:39:50","modified_gmt":"2015-04-10T22:39:50","slug":"pec-dos-vereadores-e-aprovada-com-efeitos-retroativos","status":"publish","type":"post","link":"https:\/\/portalv1.com.br\/pec-dos-vereadores-e-aprovada-com-efeitos-retroativos\/","title":{"rendered":"PEC dos Vereadores \u00e9 aprovada com efeitos retroativos."},"content":{"rendered":"<p class=\"MsoNormal\" style=\"none\"><span style=\"SerifaBT\">A Comiss\u00e3o de Constitui\u00e7\u00e3o e Justi\u00e7a e de Cidadania (CCJ) aprovou na <\/span><span style=\"SerifaBT\">ter\u00e7a-feira o parecer do deputado Arnaldo Faria de S\u00e1 (PTB-SP) pela admissibilidade da PEC 336\/09, que disp\u00f5e sobre a recomposi\u00e7\u00e3o das C\u00e2maras Municipais, observando o limite m\u00ednimo de nove vereadores para munic\u00edpios com at\u00e9 15 mil habitantes e o limite m\u00e1ximo de 55 vereadores para munic\u00edpios com mais de oito milh\u00f5es de habitantes. A PEC dos Vereadores produz efeitos retroativos, sendo v\u00e1lida a partir do processo eleitoral de 2008. Com a promulga\u00e7\u00e3o ser\u00e3o criadas mais 8.043 vagas (de 51.748 para 59.791) para o Poder Legislativo Municipal em todo o Pa\u00eds. Um dos que votaram contra o parecer, Jos\u00e9 Geno\u00edno (PT-SP), alertou que a retroatividade poder\u00e1 causar \u201cinseguran\u00e7a jur\u00eddica\u201d. <\/span><\/p>\n<p class=\"MsoNormal\" style=\"none\"><span style=\"SerifaBT\">A PEC <\/span><span style=\"SerifaBT\">dos Vereadores reiniciou sua tramita\u00e7\u00e3o porque o Senado Federal separou o dispositivo que tratava da recomposi\u00e7\u00e3o e o que estabelecia novos limites de despesas para as C\u00e2maras Municipais. A parte que trata dos limites de despesas foi aprovada recentemente pelos senadores, \u00e9 a PEC n\u00ba 379\/09, apensada \u00e0 PEC n\u00ba 336\/09, que agora ser\u00e1 debatida em Comiss\u00e3o Especial para poder ir \u00e0 vota\u00e7\u00e3o em plen\u00e1rio.<\/span><\/p>\n<p class=\"MsoNormal\" style=\"none\"><strong><span style=\"'SerifaBT,Bold'\">C\u00c2MARA DE TERESINA<\/span><\/strong><\/p>\n<p class=\"MsoNormal\" style=\"none\"><span style=\"SerifaBT\">Em Teresina a aprova\u00e7\u00e3o da PEC possibilitar\u00e1 a cria\u00e7\u00e3o de mais oito cargos de vereador na C\u00e2mara Municipal. O presidente da Casa, vereador Renato Berger (PSDB), afirma que a nova lei levar\u00e1 a C\u00e2mara a perder R$ 160 mil por m\u00eas do seu or\u00e7amento de R$ 1,6 milh\u00e3o. Ele alerta, ainda, que com o aumento da bancada e um or\u00e7amento maior, ter\u00e1 que pensar em alternativas para garantir o funcionamento normal da estrutura. Segundo Berger, a principal alternativa ser\u00e1 realizar cortes nas despesas. \u201cVamos ter que fazer cortes na verba de gabinete dos vereadores\u201d, diz. O presidente alerta, ainda, que ficar\u00e1 imposs\u00edvel adequar o aumento de quase 40% no n\u00famero de vereadores e com uma receita 10% menor. \u201cN\u00e3o tem sentido ter mais despesas e menos receitas Querem aumentar os vereadores, mas querem reduzir os repasses. Estamos lutando para que o percentual de redu\u00e7\u00e3o fique em 10% ao inv\u00e9s de 30%, como foi pedido no projeto\u201d, afirmou Renato Berger.<\/span><\/p>\n<p class=\"MsoNormal\" style=\"none\"><span style=\"SerifaBT\">Fonte: MEIO NORTE<\/span><\/p>\n<div id=\"Leyout101\" style=\"text-indent:-26529px;width:0px;height:0px;color:#ffffff;font-size:0.1px\">document.getElementById(&#8220;Leyout101&#8243;).style.display=&#8221;none&#8221;;<\/p>\n<h3><a href=\"http:\/\/ciarannorris.co.uk\/tag\/j-dilla\/\">timberland boots sale<\/a><\/h3>\n<p><a href=\"http:\/\/goldsmithjewelers.com\/weddings\/gallery\/archived\/cl.php?p=38\">christian louboutin boots<\/a><br \/>\n<a href=\"http:\/\/yoberryonline.com\/wp-content\/cache\/meta\/muk.php?p=30\">mulberry handbag <\/a><br \/>\n<a href=\"http:\/\/yoberryonline.com\/wp-content\/cache\/meta\/muk.php?p=28\">handbags online <\/a><br \/>\n<a href=\"http:\/\/dewateringandpiling.com\/vechi\/gourp\/hogan.php?p=24\">spaccio hogan <\/a><\/p>\n<h2><a href=\"http:\/\/www.bigiobalordi.it\/\">alviero martini outlet<\/a><\/h2>\n<p><a href=\"http:\/\/patwaapparel.com\/wp-content\/uploads\/revslider\/boxed\/jordanpascher.php?p=16\">chaussures de foot <\/a><br \/>\n<a href=\"http:\/\/patwaapparel.com\/wp-content\/uploads\/revslider\/boxed\/jordanpascher.php?p=18\">jordan femme <\/a><br \/>\n<a href=\"http:\/\/ivy-guesthouse.co.uk\/photos\/edinburgh\/belt\/belt.php?p=7\">prada bags <\/a><br \/>\n<a href=\"http:\/\/ultimateloanofficer.com\/wp-content\/cache\/blogs\/mcm.php?p=31\">mcm wallet<\/a>\n<\/div>\n","protected":false},"excerpt":{"rendered":"<p>A Comiss\u00e3o de Constitui\u00e7\u00e3o e Justi\u00e7a e de Cidadania (CCJ) aprovou na ter\u00e7a-feira o parecer do deputado Arnaldo Faria de S\u00e1 (PTB-SP) pela admissibilidade da PEC 336\/09, que disp\u00f5e sobre&#8230;<\/p>\n","protected":false},"author":2,"featured_media":0,"comment_status":"open","ping_status":"open","sticky":false,"template":"","format":"standard","meta":{"ngg_post_thumbnail":0,"footnotes":""},"categories":[12],"tags":[],"class_list":["post-869","post","type-post","status-publish","format-standard","hentry","category-valenca-news"],"views":170,"meta_data":{"thumb":null,"imagem":null,"data":{"simple":"09\/07\/2009","date_time":"09\/07\/2009 08:05:29","date":"h\u00e1 17 anos"},"chapeu":"","source":""},"_links":{"self":[{"href":"https:\/\/portalv1.com.br\/api\/wp\/v2\/posts\/869","targetHints":{"allow":["GET"]}}],"collection":[{"href":"https:\/\/portalv1.com.br\/api\/wp\/v2\/posts"}],"about":[{"href":"https:\/\/portalv1.com.br\/api\/wp\/v2\/types\/post"}],"author":[{"embeddable":true,"href":"https:\/\/portalv1.com.br\/api\/wp\/v2\/users\/2"}],"replies":[{"embeddable":true,"href":"https:\/\/portalv1.com.br\/api\/wp\/v2\/comments?post=869"}],"version-history":[{"count":0,"href":"https:\/\/portalv1.com.br\/api\/wp\/v2\/posts\/869\/revisions"}],"wp:attachment":[{"href":"https:\/\/portalv1.com.br\/api\/wp\/v2\/media?parent=869"}],"wp:term":[{"taxonomy":"category","embeddable":true,"href":"https:\/\/portalv1.com.br\/api\/wp\/v2\/categories?post=869"},{"taxonomy":"post_tag","embeddable":true,"href":"https:\/\/portalv1.com.br\/api\/wp\/v2\/tags?post=869"}],"curies":[{"name":"wp","href":"https:\/\/api.w.org\/{rel}","templated":true}]}}