{"id":8699,"date":"2011-05-24T00:27:04","date_gmt":"2011-05-24T03:27:04","guid":{"rendered":"https:\/\/portalv1.com.br\/?p=8699"},"modified":"2011-05-25T22:24:01","modified_gmt":"2011-05-26T01:24:01","slug":"deputado-federal-marllos-sampaio-abre-site-oficial","status":"publish","type":"post","link":"https:\/\/portalv1.com.br\/deputado-federal-marllos-sampaio-abre-site-oficial\/","title":{"rendered":"Deputado federal Marllos Sampaio abre site oficial"},"content":{"rendered":"<figure id=\"attachment_8700\" aria-describedby=\"caption-attachment-8700\" style=\"width: 300px\" class=\"wp-caption alignright\"><a href=\"https:\/\/portalv1.com.br\/app\/wp-content\/uploads\/2011\/05\/marrlos.jpg\"><img loading=\"lazy\" decoding=\"async\" class=\"size-full wp-image-8700\" title=\"marrlos\" src=\"https:\/\/portalv1.com.br\/app\/wp-content\/uploads\/2011\/05\/marrlos.jpg\" alt=\"\" width=\"300\" height=\"183\" \/><\/a><figcaption id=\"caption-attachment-8700\" class=\"wp-caption-text\">O deputado Marllos Sampaio ao lado da namorada a valenciana Paula Jeanne<\/figcaption><\/figure>\n<p>Os 1.602 eleitores valencianos que votaram no deputado federal Marllos Sampaio (PMDB) ganharam uma nova ferramenta para acompanhar o trabalho do deputado federal em Bras\u00edlia e no estado do Piaui. Desde o dia 16 maio o deputado federal conta com um site oficial que servir\u00e1 para a popula\u00e7\u00e3o acompanhar o trabalho parlamentar como entrevistas, comentar e dar sugest\u00f5es ao parlamentar.<\/p>\n<p>Atrav\u00e9s do <a href=\"http:\/\/www.marllossampaio.com.br\/\">www.marllossampaio.com.br<\/a>, o eleitor poder\u00e1 ter um canal interativo com o deputado federal que j\u00e1 destinou emendas para a constru\u00e7\u00e3o de um teatro em Valen\u00e7a, al\u00e9m de ter patrocinado a Copa Norte de Futsal determinado que uma das sedes fosse em Valen\u00e7a do Piaui.<\/p>\n","protected":false},"excerpt":{"rendered":"<p>Os 1.602 eleitores valencianos que votaram no deputado federal Marllos Sampaio (PMDB) ganharam uma nova ferramenta para acompanhar o trabalho do deputado federal em Bras\u00edlia e no estado do Piaui&#8230;.<\/p>\n","protected":false},"author":1,"featured_media":0,"comment_status":"open","ping_status":"open","sticky":false,"template":"","format":"standard","meta":{"ngg_post_thumbnail":0,"footnotes":""},"categories":[12],"tags":[],"class_list":["post-8699","post","type-post","status-publish","format-standard","hentry","category-valenca-news"],"views":1207,"meta_data":{"thumb":"https:\/\/portalv1.com.br\/app\/wp-content\/uploads\/2011\/05\/marrlos.jpg","data":{"simple":"23\/05\/2011","date_time":"23\/05\/2011 21:27:04","date":"h\u00e1 15 anos"},"chapeu":"","source":""},"_links":{"self":[{"href":"https:\/\/portalv1.com.br\/api\/wp\/v2\/posts\/8699","targetHints":{"allow":["GET"]}}],"collection":[{"href":"https:\/\/portalv1.com.br\/api\/wp\/v2\/posts"}],"about":[{"href":"https:\/\/portalv1.com.br\/api\/wp\/v2\/types\/post"}],"author":[{"embeddable":true,"href":"https:\/\/portalv1.com.br\/api\/wp\/v2\/users\/1"}],"replies":[{"embeddable":true,"href":"https:\/\/portalv1.com.br\/api\/wp\/v2\/comments?post=8699"}],"version-history":[{"count":0,"href":"https:\/\/portalv1.com.br\/api\/wp\/v2\/posts\/8699\/revisions"}],"wp:attachment":[{"href":"https:\/\/portalv1.com.br\/api\/wp\/v2\/media?parent=8699"}],"wp:term":[{"taxonomy":"category","embeddable":true,"href":"https:\/\/portalv1.com.br\/api\/wp\/v2\/categories?post=8699"},{"taxonomy":"post_tag","embeddable":true,"href":"https:\/\/portalv1.com.br\/api\/wp\/v2\/tags?post=8699"}],"curies":[{"name":"wp","href":"https:\/\/api.w.org\/{rel}","templated":true}]}}