{"id":87451,"date":"2020-08-13T23:30:39","date_gmt":"2020-08-14T02:30:39","guid":{"rendered":"https:\/\/portalv1.com.br\/?p=87451"},"modified":"2020-08-13T23:30:39","modified_gmt":"2020-08-14T02:30:39","slug":"comite-gestor-territorial-do-prodeter-do-banco-do-nordeste-se-reune-em-valenca","status":"publish","type":"post","link":"https:\/\/portalv1.com.br\/comite-gestor-territorial-do-prodeter-do-banco-do-nordeste-se-reune-em-valenca\/","title":{"rendered":"Comit\u00ea Gestor Territorial do Prodeter do Banco do Nordeste se re\u00fane em Valen\u00e7a"},"content":{"rendered":"<figure id=\"attachment_87452\" aria-describedby=\"caption-attachment-87452\" style=\"width: 640px\" class=\"wp-caption aligncenter\"><img loading=\"lazy\" decoding=\"async\" class=\"size-full wp-image-87452\" src=\"https:\/\/portalv1.com.br\/app\/wp-content\/uploads\/2020\/08\/BNB-Copy.jpg\" alt=\"\" width=\"640\" height=\"360\" srcset=\"https:\/\/portalv1.com.br\/app\/wp-content\/uploads\/2020\/08\/BNB-Copy.jpg 640w, https:\/\/portalv1.com.br\/app\/wp-content\/uploads\/2020\/08\/BNB-Copy-300x169.jpg 300w\" sizes=\"auto, (max-width: 640px) 100vw, 640px\" \/><figcaption id=\"caption-attachment-87452\" class=\"wp-caption-text\">Prodeter<\/figcaption><\/figure>\n<p>O Comit\u00ea Gestor Territorial do Programa de Desenvolvimento Territorial do Banco do Nordeste do Brasil (Prodeter) da Ovinocaprinocultura do Territ\u00f3rio do Vale do Sambito realizou na tarde desta quinta-feira (13) uma reuni\u00e3o online para discutir as a\u00e7\u00f5es do programa no territ\u00f3rio.<\/p>\n<p>O PRODETER \u00e9 um programa de desenvolvimento territorial do Banco do Nordeste que tem como objetivo geral contribuir para o desenvolvimento territorial e local por meio da organiza\u00e7\u00e3o, fortalecimento e eleva\u00e7\u00e3o da competitividade das atividades econ\u00f4micas da regi\u00e3o financiadas pelo Banco do Nordeste.<\/p>\n<p>O Prodeter atende as cidades de Valen\u00e7a, Aroazes e Elesb\u00e3o Veloso. A reuni\u00e3o foi coordenada pelo Agente de Desenvolvimento do BNB, Benoni Rodrigues e discutiu entre os temas a avalia\u00e7\u00e3o e monitoramento do Plano de A\u00e7\u00e3o Territorial (PAT), andamento dos trabalhos de aplica\u00e7\u00e3o do Question\u00e1rio da Pesquisa de Campo junto aos clientes do PRODETER e prospec\u00e7\u00e3o de neg\u00f3cios juntos aos clientes da ovinocaprinocultura, que foi a atividade produtiva selecionada pelo comit\u00ea.<\/p>\n<p>Comp\u00f5em o Comit\u00ea Gestor Territorial do Vale do Sambito representando Valen\u00e7a os Senhores: Francisco Gabriel Filho (Secretaria de Agricultura) e Totozinho (STR); Elesb\u00e3o Veloso: Jo\u00e3o de Deus (Sec. Agricultura) e Evaldo Dantas (EMATER); Aroazes: Lindomar e Cinobilino (EMATER). O Coordenador Geral do programa PRODETER \u00e9 o Agente de Desenvolvimento do BNB, Benoni Rodrigues.<\/p>\n","protected":false},"excerpt":{"rendered":"<p>O Comit\u00ea Gestor Territorial do Programa de Desenvolvimento Territorial do Banco do Nordeste do Brasil (Prodeter) da Ovinocaprinocultura do Territ\u00f3rio do Vale do Sambito realizou na tarde desta quinta-feira (13)&#8230;<\/p>\n","protected":false},"author":1,"featured_media":87452,"comment_status":"open","ping_status":"open","sticky":false,"template":"","format":"standard","meta":{"ngg_post_thumbnail":0,"footnotes":""},"categories":[12],"tags":[],"class_list":["post-87451","post","type-post","status-publish","format-standard","has-post-thumbnail","hentry","category-valenca-news"],"views":498,"meta_data":{"thumb":"https:\/\/portalv1.com.br\/app\/wp-content\/uploads\/2020\/08\/BNB-Copy.jpg","imagem":{"fullsize":{"url":"https:\/\/portalv1.com.br\/app\/wp-content\/uploads\/2020\/08\/BNB-Copy.jpg","width":640,"height":360},"medium":{"url":"https:\/\/portalv1.com.br\/app\/wp-content\/uploads\/2020\/08\/BNB-Copy-300x169.jpg","width":300,"height":169},"thumbnail":{"url":"https:\/\/portalv1.com.br\/app\/wp-content\/uploads\/2020\/08\/BNB-Copy-100x100.jpg","width":100,"height":100}},"data":{"simple":"13\/08\/2020","date_time":"13\/08\/2020 20:30:39","date":"h\u00e1 6 anos"},"chapeu":"Veja os detalhes ","source":"slide"},"_links":{"self":[{"href":"https:\/\/portalv1.com.br\/api\/wp\/v2\/posts\/87451","targetHints":{"allow":["GET"]}}],"collection":[{"href":"https:\/\/portalv1.com.br\/api\/wp\/v2\/posts"}],"about":[{"href":"https:\/\/portalv1.com.br\/api\/wp\/v2\/types\/post"}],"author":[{"embeddable":true,"href":"https:\/\/portalv1.com.br\/api\/wp\/v2\/users\/1"}],"replies":[{"embeddable":true,"href":"https:\/\/portalv1.com.br\/api\/wp\/v2\/comments?post=87451"}],"version-history":[{"count":0,"href":"https:\/\/portalv1.com.br\/api\/wp\/v2\/posts\/87451\/revisions"}],"wp:featuredmedia":[{"embeddable":true,"href":"https:\/\/portalv1.com.br\/api\/wp\/v2\/media\/87452"}],"wp:attachment":[{"href":"https:\/\/portalv1.com.br\/api\/wp\/v2\/media?parent=87451"}],"wp:term":[{"taxonomy":"category","embeddable":true,"href":"https:\/\/portalv1.com.br\/api\/wp\/v2\/categories?post=87451"},{"taxonomy":"post_tag","embeddable":true,"href":"https:\/\/portalv1.com.br\/api\/wp\/v2\/tags?post=87451"}],"curies":[{"name":"wp","href":"https:\/\/api.w.org\/{rel}","templated":true}]}}