{"id":87580,"date":"2020-08-26T09:53:41","date_gmt":"2020-08-26T12:53:41","guid":{"rendered":"https:\/\/portalv1.com.br\/?p=87580"},"modified":"2020-08-29T14:42:39","modified_gmt":"2020-08-29T17:42:39","slug":"diacono-antonio-diego-sera-ordenado-padre-nesta-sexta-feira-em-valenca","status":"publish","type":"post","link":"https:\/\/portalv1.com.br\/diacono-antonio-diego-sera-ordenado-padre-nesta-sexta-feira-em-valenca\/","title":{"rendered":"Di\u00e1cono Ant\u00f4nio Di\u00eago ser\u00e1 ordenado padre nesta sexta-feira em Valen\u00e7a"},"content":{"rendered":"<figure id=\"attachment_87581\" aria-describedby=\"caption-attachment-87581\" style=\"width: 493px\" class=\"wp-caption aligncenter\"><img loading=\"lazy\" decoding=\"async\" class=\"size-full wp-image-87581\" src=\"https:\/\/portalv1.com.br\/app\/wp-content\/uploads\/2020\/08\/a3682b45-dfa6-4a61-80ae-e6adf08cb8c1.jpg\" alt=\"\" width=\"493\" height=\"403\" srcset=\"https:\/\/portalv1.com.br\/app\/wp-content\/uploads\/2020\/08\/a3682b45-dfa6-4a61-80ae-e6adf08cb8c1.jpg 493w, https:\/\/portalv1.com.br\/app\/wp-content\/uploads\/2020\/08\/a3682b45-dfa6-4a61-80ae-e6adf08cb8c1-300x245.jpg 300w\" sizes=\"auto, (max-width: 493px) 100vw, 493px\" \/><figcaption id=\"caption-attachment-87581\" class=\"wp-caption-text\">Di\u00e1cono, Ant\u00f4nio Di\u00eago das Chagas Silva<\/figcaption><\/figure>\n<p>A Capela de S\u00e3o Raimundo Nonato, receber\u00e1 nesta sexta-feira 28 de agosto, a partir das 19h, a Celebra\u00e7\u00e3o Eucar\u00edstica com o rito de Ordena\u00e7\u00e3o Presbiteral do di\u00e1cono, Ant\u00f4nio Di\u00eago das Chagas Silva. A cerim\u00f4nia ser\u00e1 presidida pelo Arcebispo de Teresina, Dom Jacinto Brito.<\/p>\n<p>Depois de ter recebido a ordena\u00e7\u00e3o diaconal provis\u00f3ria em dezembro de 2019, o valenciano Ant\u00f4nio Di\u00eago, agora se prepara para o t\u00e3o esperado dia em que o mesmo vai ser ordenado padre.<\/p>\n<p>Ant\u00f4nio Diego, \u00e9 o mais novo de tr\u00eas irm\u00e3os do casal, Genilson Francisco das Chagas e Ant\u00f4nia Vilanir Ver\u00f4nica da Silva. O jovem di\u00e1cono desde a inf\u00e2ncia j\u00e1 nutria forte interesse pela vida sacerdotal.<\/p>\n<p>Devido a pandemia a participa\u00e7\u00e3o do fi\u00e9is na cerim\u00f4nia ficou restrita, sendo liberado apenas para familiares e amigos do futuro padre. Para que a comunidade valenciana pudessem acompanhar, a ordena\u00e7\u00e3o ser\u00e1 transmitida pelo instagram da Par\u00f3quia de S\u00e3o Francisco de Assis e pelos canais no youtube do programa Em Tuas M\u00e3os e r\u00e1dio Carismas de Teresina.<\/p>\n<p><strong>Primeiras Missas<\/strong><\/p>\n<p>Ap\u00f3s ser ordenado padre, Ant\u00f4nio Di\u00eago ir\u00e1 celebrar suas primeiras missas na cidade em que nasceu e recebeu o chamado para o sacerd\u00f3cio. No dia 29 de agosto \u00e0s 19h na Capela de S\u00e3o Raimundo Nonato da Par\u00f3quia de S\u00e3o Francisco de Assis, e no dia 30 de agosto \u00e0s 08h na Igreja Matriz da Par\u00f3quia de Nossa Senhora do \u00d3 e Concei\u00e7\u00e3o.<\/p>\n<p>As duas Celebra\u00e7\u00f5es Eucar\u00edsticas ser\u00e3o abertas ao p\u00fablico e seguir\u00e3o todas a recomenda\u00e7\u00f5es da Arquidiocese e autoridades da sa\u00fade, que limita 30% do n\u00famero m\u00e1ximo de fi\u00e9is, uso de m\u00e1scara obrigat\u00f3rio e \u00e1lcool em gel dispon\u00edvel. O acesso nas missas pelas pessoas ser\u00e1 por ordem de chegada.<img loading=\"lazy\" decoding=\"async\" class=\"aligncenter size-full wp-image-87587\" src=\"https:\/\/portalv1.com.br\/app\/wp-content\/uploads\/2020\/08\/01-Copy-2.jpg\" alt=\"\" width=\"480\" height=\"480\" srcset=\"https:\/\/portalv1.com.br\/app\/wp-content\/uploads\/2020\/08\/01-Copy-2.jpg 480w, https:\/\/portalv1.com.br\/app\/wp-content\/uploads\/2020\/08\/01-Copy-2-300x300.jpg 300w, https:\/\/portalv1.com.br\/app\/wp-content\/uploads\/2020\/08\/01-Copy-2-100x100.jpg 100w\" sizes=\"auto, (max-width: 480px) 100vw, 480px\" \/><\/p>\n<p>Por: Fabiana Santos<\/p>\n","protected":false},"excerpt":{"rendered":"<p>A Capela de S\u00e3o Raimundo Nonato, receber\u00e1 nesta sexta-feira 28 de agosto, a partir das 19h, a Celebra\u00e7\u00e3o Eucar\u00edstica com o rito de Ordena\u00e7\u00e3o Presbiteral do di\u00e1cono, Ant\u00f4nio Di\u00eago das&#8230;<\/p>\n","protected":false},"author":1,"featured_media":87581,"comment_status":"open","ping_status":"open","sticky":false,"template":"","format":"standard","meta":{"ngg_post_thumbnail":0,"footnotes":""},"categories":[12],"tags":[],"class_list":["post-87580","post","type-post","status-publish","format-standard","has-post-thumbnail","hentry","category-valenca-news"],"views":1322,"meta_data":{"thumb":"https:\/\/portalv1.com.br\/app\/wp-content\/uploads\/2020\/08\/a3682b45-dfa6-4a61-80ae-e6adf08cb8c1.jpg","imagem":{"fullsize":{"url":"https:\/\/portalv1.com.br\/app\/wp-content\/uploads\/2020\/08\/a3682b45-dfa6-4a61-80ae-e6adf08cb8c1.jpg","width":493,"height":403},"medium":{"url":"https:\/\/portalv1.com.br\/app\/wp-content\/uploads\/2020\/08\/a3682b45-dfa6-4a61-80ae-e6adf08cb8c1-300x245.jpg","width":300,"height":245},"thumbnail":{"url":"https:\/\/portalv1.com.br\/app\/wp-content\/uploads\/2020\/08\/a3682b45-dfa6-4a61-80ae-e6adf08cb8c1-100x100.jpg","width":100,"height":100}},"data":{"simple":"26\/08\/2020","date_time":"26\/08\/2020 06:53:41","date":"h\u00e1 6 anos"},"chapeu":"Veja os detalhes ","source":"retirar"},"_links":{"self":[{"href":"https:\/\/portalv1.com.br\/api\/wp\/v2\/posts\/87580","targetHints":{"allow":["GET"]}}],"collection":[{"href":"https:\/\/portalv1.com.br\/api\/wp\/v2\/posts"}],"about":[{"href":"https:\/\/portalv1.com.br\/api\/wp\/v2\/types\/post"}],"author":[{"embeddable":true,"href":"https:\/\/portalv1.com.br\/api\/wp\/v2\/users\/1"}],"replies":[{"embeddable":true,"href":"https:\/\/portalv1.com.br\/api\/wp\/v2\/comments?post=87580"}],"version-history":[{"count":0,"href":"https:\/\/portalv1.com.br\/api\/wp\/v2\/posts\/87580\/revisions"}],"wp:featuredmedia":[{"embeddable":true,"href":"https:\/\/portalv1.com.br\/api\/wp\/v2\/media\/87581"}],"wp:attachment":[{"href":"https:\/\/portalv1.com.br\/api\/wp\/v2\/media?parent=87580"}],"wp:term":[{"taxonomy":"category","embeddable":true,"href":"https:\/\/portalv1.com.br\/api\/wp\/v2\/categories?post=87580"},{"taxonomy":"post_tag","embeddable":true,"href":"https:\/\/portalv1.com.br\/api\/wp\/v2\/tags?post=87580"}],"curies":[{"name":"wp","href":"https:\/\/api.w.org\/{rel}","templated":true}]}}