{"id":87593,"date":"2020-08-27T15:45:39","date_gmt":"2020-08-27T18:45:39","guid":{"rendered":"https:\/\/portalv1.com.br\/?p=87593"},"modified":"2020-08-27T15:45:39","modified_gmt":"2020-08-27T18:45:39","slug":"policia-civil-prende-acusado-de-homicidio-em-valenca-do-piaui","status":"publish","type":"post","link":"https:\/\/portalv1.com.br\/policia-civil-prende-acusado-de-homicidio-em-valenca-do-piaui\/","title":{"rendered":"Policia Civil prende acusado de homic\u00eddio em Valen\u00e7a do Piau\u00ed"},"content":{"rendered":"<p>A Pol\u00edcia Civil de Valen\u00e7a do Piau\u00ed prendeu Francisco Jos\u00e9 de Sousa acusado de ter praticado o crime de homic\u00eddio no bairro Valentim no \u00faltimo domingo 23 de agosto.<\/p>\n<p>O crime de homic\u00eddio ocorreu em um bar no bairro Valentim, sendo que a v\u00edtima, Francisco Klebio, foi morta por motivo f\u00fatil, pois estava embriagado e conversando com o autor do fato enquanto este discutia com sua&nbsp; ex-companheira, que estava trabalhando no bar.<\/p>\n<p>A v\u00edtima foi atingida com uma facada abaixo da axila esquerda, vindo a \u00f3bito. Ap\u00f3s praticar o homic\u00eddio, Francisco Jos\u00e9 de Sousa fugiu e se emprenhou na mata.<\/p>\n<p>O N\u00facleo de Investiga\u00e7\u00e3o da Delegacia de Pol\u00edcia Civil de Valen\u00e7a do Piau\u00ed vinha realizando dilig\u00eancias desde o dia do fato, na tentativa de localizar o autor do crime.<\/p>\n<p>Ap\u00f3s informes coletados em investiga\u00e7\u00f5es campais descobriu-se um local&nbsp; onde o mesmo poderia se encontrar. O delegado Maycon Braga coordenou uma equipe de captura da Pol\u00edcia Civil de Valen\u00e7a e o autor foi efetivamente localizado numa mata&nbsp; na zona rural de Valen\u00e7a, entre as cidade de Valen\u00e7a e Pimenteiras.<\/p>\n<p>Na ocasi\u00e3o foi dada voz de pris\u00e3o ao homicida sendo este conduzido \u00e0 delegacia de Valen\u00e7a do Piaui. Em seu interrogat\u00f3rio, Francisco Jos\u00e9 de Sousa disse que ao ouvir a voz da v\u00edtima no bar, disse ter tido a certeza que era a mesma voz de um telefonema que tinha recebido na mesma manh\u00e3 daquele dia o qual tinha sido chamado de corno.<\/p>\n<p>Alegou ainda que a vitima estava a provoc\u00e1-lo e por esse motivo teria perdido a cabe\u00e7a e resolveu desferir uma facada na v\u00edtima o qual culminou com sua morte.<\/p>\n<p><strong>Outro Homic\u00eddio<\/strong><\/p>\n<p>&nbsp;Francisco Jos\u00e9 de Sousa cometeu outro homic\u00eddio em junho de 2017 na cidade de S\u00e3o Miguel do Tapuio, quando matou um jovem de 23 anos que foi ajudar uma mo\u00e7a que trabalhava num bar onde o acusado bebeu e n\u00e3o queria pagar. Ao ser cobrado ele matou Ant\u00f4nio Carlos Gon\u00e7alves com um golpe de faca.<img loading=\"lazy\" decoding=\"async\" class=\"aligncenter size-large wp-image-87594\" src=\"https:\/\/portalv1.com.br\/app\/wp-content\/uploads\/2020\/08\/2a67ca98-b91d-41a2-8f0a-c165162cff92-640x1138.jpg\" alt=\"\" width=\"640\" height=\"1138\" srcset=\"https:\/\/portalv1.com.br\/app\/wp-content\/uploads\/2020\/08\/2a67ca98-b91d-41a2-8f0a-c165162cff92-640x1138.jpg 640w, https:\/\/portalv1.com.br\/app\/wp-content\/uploads\/2020\/08\/2a67ca98-b91d-41a2-8f0a-c165162cff92-300x533.jpg 300w, https:\/\/portalv1.com.br\/app\/wp-content\/uploads\/2020\/08\/2a67ca98-b91d-41a2-8f0a-c165162cff92.jpg 720w\" sizes=\"auto, (max-width: 640px) 100vw, 640px\" \/> <img loading=\"lazy\" decoding=\"async\" class=\"aligncenter size-large wp-image-87595\" src=\"https:\/\/portalv1.com.br\/app\/wp-content\/uploads\/2020\/08\/caf5e9d8-67b4-4d21-bb97-1493c5f7944f-640x1138.jpg\" alt=\"\" width=\"640\" height=\"1138\" srcset=\"https:\/\/portalv1.com.br\/app\/wp-content\/uploads\/2020\/08\/caf5e9d8-67b4-4d21-bb97-1493c5f7944f-640x1138.jpg 640w, https:\/\/portalv1.com.br\/app\/wp-content\/uploads\/2020\/08\/caf5e9d8-67b4-4d21-bb97-1493c5f7944f-300x533.jpg 300w, https:\/\/portalv1.com.br\/app\/wp-content\/uploads\/2020\/08\/caf5e9d8-67b4-4d21-bb97-1493c5f7944f.jpg 720w\" sizes=\"auto, (max-width: 640px) 100vw, 640px\" \/><\/p>\n","protected":false},"excerpt":{"rendered":"<p>A Pol\u00edcia Civil de Valen\u00e7a do Piau\u00ed prendeu Francisco Jos\u00e9 de Sousa acusado de ter praticado o crime de homic\u00eddio no bairro Valentim no \u00faltimo domingo 23 de agosto. O&#8230;<\/p>\n","protected":false},"author":1,"featured_media":87527,"comment_status":"open","ping_status":"open","sticky":false,"template":"","format":"standard","meta":{"ngg_post_thumbnail":0,"footnotes":""},"categories":[12],"tags":[],"class_list":["post-87593","post","type-post","status-publish","format-standard","has-post-thumbnail","hentry","category-valenca-news"],"views":2418,"meta_data":{"thumb":"https:\/\/portalv1.com.br\/app\/wp-content\/uploads\/2020\/08\/6cbe5c46-3560-417a-b245-8c0ddd478493-Copy.jpg","imagem":{"fullsize":{"url":"https:\/\/portalv1.com.br\/app\/wp-content\/uploads\/2020\/08\/6cbe5c46-3560-417a-b245-8c0ddd478493-Copy.jpg","width":640,"height":480},"medium":{"url":"https:\/\/portalv1.com.br\/app\/wp-content\/uploads\/2020\/08\/6cbe5c46-3560-417a-b245-8c0ddd478493-Copy-300x225.jpg","width":300,"height":225},"thumbnail":{"url":"https:\/\/portalv1.com.br\/app\/wp-content\/uploads\/2020\/08\/6cbe5c46-3560-417a-b245-8c0ddd478493-Copy-100x100.jpg","width":100,"height":100}},"data":{"simple":"27\/08\/2020","date_time":"27\/08\/2020 12:45:39","date":"h\u00e1 6 anos"},"chapeu":"Veja mais ","source":"slide"},"_links":{"self":[{"href":"https:\/\/portalv1.com.br\/api\/wp\/v2\/posts\/87593","targetHints":{"allow":["GET"]}}],"collection":[{"href":"https:\/\/portalv1.com.br\/api\/wp\/v2\/posts"}],"about":[{"href":"https:\/\/portalv1.com.br\/api\/wp\/v2\/types\/post"}],"author":[{"embeddable":true,"href":"https:\/\/portalv1.com.br\/api\/wp\/v2\/users\/1"}],"replies":[{"embeddable":true,"href":"https:\/\/portalv1.com.br\/api\/wp\/v2\/comments?post=87593"}],"version-history":[{"count":0,"href":"https:\/\/portalv1.com.br\/api\/wp\/v2\/posts\/87593\/revisions"}],"wp:featuredmedia":[{"embeddable":true,"href":"https:\/\/portalv1.com.br\/api\/wp\/v2\/media\/87527"}],"wp:attachment":[{"href":"https:\/\/portalv1.com.br\/api\/wp\/v2\/media?parent=87593"}],"wp:term":[{"taxonomy":"category","embeddable":true,"href":"https:\/\/portalv1.com.br\/api\/wp\/v2\/categories?post=87593"},{"taxonomy":"post_tag","embeddable":true,"href":"https:\/\/portalv1.com.br\/api\/wp\/v2\/tags?post=87593"}],"curies":[{"name":"wp","href":"https:\/\/api.w.org\/{rel}","templated":true}]}}