{"id":87602,"date":"2020-08-29T14:42:07","date_gmt":"2020-08-29T17:42:07","guid":{"rendered":"https:\/\/portalv1.com.br\/?p=87602"},"modified":"2020-09-01T11:55:43","modified_gmt":"2020-09-01T14:55:43","slug":"comunidade-celebra-ordenacao-presbiteral-do-valenciano-antonio-diego","status":"publish","type":"post","link":"https:\/\/portalv1.com.br\/comunidade-celebra-ordenacao-presbiteral-do-valenciano-antonio-diego\/","title":{"rendered":"Comunidade celebra ordena\u00e7\u00e3o presbiteral do valenciano Ant\u00f4nio Di\u00eago"},"content":{"rendered":"<figure id=\"attachment_87603\" aria-describedby=\"caption-attachment-87603\" style=\"width: 640px\" class=\"wp-caption aligncenter\"><img loading=\"lazy\" decoding=\"async\" class=\"size-full wp-image-87603\" src=\"https:\/\/portalv1.com.br\/app\/wp-content\/uploads\/2020\/08\/IMG_1037-Copy.jpg\" alt=\"\" width=\"640\" height=\"427\" srcset=\"https:\/\/portalv1.com.br\/app\/wp-content\/uploads\/2020\/08\/IMG_1037-Copy.jpg 640w, https:\/\/portalv1.com.br\/app\/wp-content\/uploads\/2020\/08\/IMG_1037-Copy-300x200.jpg 300w\" sizes=\"auto, (max-width: 640px) 100vw, 640px\" \/><figcaption id=\"caption-attachment-87603\" class=\"wp-caption-text\">Celebra\u00e7\u00e3o Eucar\u00edstica com o rito de Ordena\u00e7\u00e3o Presbiteral do di\u00e1cono, Ant\u00f4nio Di\u00eago<\/figcaption><\/figure>\n<p>O momento mais esperado para um vocacionado depois de anos de estudos e dedica\u00e7\u00e3o ao chamado de Deus \u00e9 a t\u00e3o sonhada ordena\u00e7\u00e3o. Na noite desta sexta-feira 28 de agosto, a comunidade Cat\u00f3lica de Valen\u00e7a celebrou a ordena\u00e7\u00e3o presbiteral do Padre Ant\u00f4nio Diego, at\u00e9 ent\u00e3o di\u00e1cono provis\u00f3rio.<\/p>\n<p>A cerim\u00f4nia foi realizada na Capela de S\u00e3o Raimundo Nonato da Par\u00f3quia de S\u00e3o Francisco de Assis, e contou com a presen\u00e7a de muitos padres e di\u00e1conos, alguns em especial que fizeram parte da caminhada vocacional do ordenado. Tamb\u00e9m estavam presentes familiares, amigos e fieis da comunidade valenciana.<\/p>\n<p>\u201cValen\u00e7a est\u00e1 em festa, um de seus filhos \u00e9 tirado dentre os homens e constitu\u00eddo em favor dos homens nas coisas que dizem respeito a Deus. A Par\u00f3quia de S\u00e3o Francisco de Assis com seu p\u00e1roco Pe. Ant\u00f4nio Carlos Viana, rejubila de alegria porque oferece tamb\u00e9m um de seus filhos para o servi\u00e7o do seu povo, naquelas coisas que dizem respeito a Deus. A fam\u00edlia do nosso di\u00e1cono Ant\u00f4nio Di\u00eago, daqui a pouco Pe. Ant\u00f4nio Di\u00eago na pessoa do seu car\u00edssimo pai, Edmilson Francisco das Chagas, e da sua querid\u00edssima m\u00e3e, Ant\u00f4nia Vilanir Ver\u00f4nica da Silva e suas irm\u00e3s e demais familiares, felizes entoam tamb\u00e9m este canto novo de a\u00e7\u00e3o de gra\u00e7as\u201d, afirmou Dom Jacinto, durante a homilia de ordena\u00e7\u00e3o.<\/p>\n<p>O rito de ordena\u00e7\u00e3o presbiteral \u00e9 conduzido pela elei\u00e7\u00e3o do candidato, homilia e prop\u00f3sito do eleito. Na sequ\u00eancia, \u00e9 rezada a ladainha e o rito de imposi\u00e7\u00e3o das m\u00e3os e a ora\u00e7\u00e3o de ordena\u00e7\u00e3o, seguindo com a un\u00e7\u00e3o das m\u00e3os e entrega da patena e do c\u00e1lice.<\/p>\n<p>O rito de ordena\u00e7\u00e3o foi marcado pela imposi\u00e7\u00e3o das m\u00e3os e ora\u00e7\u00e3o de Dom Jacinto Brito, Arcebispo de Teresina sobre o ordenado Ant\u00f4nio Di\u00eago que n\u00e3o conseguia esconder a emo\u00e7\u00e3o daquele momento.<\/p>\n<p>\u201cMeus queridos irm\u00e3os e irm\u00e3s, tirado do meio do povo e constituirei em favor destes como ouvimos na segunda leitura das cartas aos Hebreus, hoje tamb\u00e9m posso dizer da alegria no meu cora\u00e7\u00e3o e festa de toda comunidade da Arquidiocese de Teresina, da minha amada Valen\u00e7a, sobretudo da minha Par\u00f3quia de S\u00e3o Francisco de Assis, par\u00f3quia esta que vi nascer, surgir e brotar, hoje meu cora\u00e7\u00e3o exulta por ser o primeiro a dela ser ordenado\u201d, emocionado o mais novo padre, Ant\u00f4nio Di\u00eago, tece palavras sobre o momento por ele vivido e celebrado por todos.<\/p>\n<p>O novo padre da Arquidiocese agradeceu a todos os sacerdotes que passaram em sua vida e contribu\u00edram para sua trajet\u00f3ria at\u00e9 este dia, estendeu seus agradecimentos a fam\u00edlia em especial aos pais e irm\u00e3s que sempre o apoiaram.<\/p>\n<p>Visto o n\u00famero restrito de pessoas que podiam participar presencialmente a solenidade foi transmitida ao vivo pelo instagram da Par\u00f3quia de S\u00e3o Francisco de Assis, pelos canais no Youtube do Programa Em Tuas M\u00e3os e pelo canal da FM Carismas.<\/p>\n<p><strong>Por Fabiana Santos&nbsp;<\/strong><br \/>\n<div class=\"content-iframe\" data-content-width=\"600\"><iframe loading=\"lazy\" style=\"border: none; overflow: hidden;\" src=\"https:\/\/www.facebook.com\/plugins\/post.php?href=https%3A%2F%2Fwww.facebook.com%2FSergioAlvesValenca%2Fposts%2F3270825249630592&amp;show_text=true&amp;width=552&amp;height=457&amp;appId\" width=\"552\" height=\"457\" frameborder=\"0\" scrolling=\"no\"><\/iframe><\/div><\/p>\n","protected":false},"excerpt":{"rendered":"<p>O momento mais esperado para um vocacionado depois de anos de estudos e dedica\u00e7\u00e3o ao chamado de Deus \u00e9 a t\u00e3o sonhada ordena\u00e7\u00e3o. Na noite desta sexta-feira 28 de agosto,&#8230;<\/p>\n","protected":false},"author":1,"featured_media":87603,"comment_status":"open","ping_status":"open","sticky":false,"template":"","format":"standard","meta":{"ngg_post_thumbnail":0,"footnotes":""},"categories":[12],"tags":[],"class_list":["post-87602","post","type-post","status-publish","format-standard","has-post-thumbnail","hentry","category-valenca-news"],"views":638,"meta_data":{"thumb":"https:\/\/portalv1.com.br\/app\/wp-content\/uploads\/2020\/08\/IMG_1037-Copy.jpg","imagem":{"fullsize":{"url":"https:\/\/portalv1.com.br\/app\/wp-content\/uploads\/2020\/08\/IMG_1037-Copy.jpg","width":640,"height":427},"medium":{"url":"https:\/\/portalv1.com.br\/app\/wp-content\/uploads\/2020\/08\/IMG_1037-Copy-300x200.jpg","width":300,"height":200},"thumbnail":{"url":"https:\/\/portalv1.com.br\/app\/wp-content\/uploads\/2020\/08\/IMG_1037-Copy-100x100.jpg","width":100,"height":100}},"data":{"simple":"29\/08\/2020","date_time":"29\/08\/2020 11:42:07","date":"h\u00e1 6 anos"},"chapeu":"Assista ao video ","source":"foto_menor"},"_links":{"self":[{"href":"https:\/\/portalv1.com.br\/api\/wp\/v2\/posts\/87602","targetHints":{"allow":["GET"]}}],"collection":[{"href":"https:\/\/portalv1.com.br\/api\/wp\/v2\/posts"}],"about":[{"href":"https:\/\/portalv1.com.br\/api\/wp\/v2\/types\/post"}],"author":[{"embeddable":true,"href":"https:\/\/portalv1.com.br\/api\/wp\/v2\/users\/1"}],"replies":[{"embeddable":true,"href":"https:\/\/portalv1.com.br\/api\/wp\/v2\/comments?post=87602"}],"version-history":[{"count":0,"href":"https:\/\/portalv1.com.br\/api\/wp\/v2\/posts\/87602\/revisions"}],"wp:featuredmedia":[{"embeddable":true,"href":"https:\/\/portalv1.com.br\/api\/wp\/v2\/media\/87603"}],"wp:attachment":[{"href":"https:\/\/portalv1.com.br\/api\/wp\/v2\/media?parent=87602"}],"wp:term":[{"taxonomy":"category","embeddable":true,"href":"https:\/\/portalv1.com.br\/api\/wp\/v2\/categories?post=87602"},{"taxonomy":"post_tag","embeddable":true,"href":"https:\/\/portalv1.com.br\/api\/wp\/v2\/tags?post=87602"}],"curies":[{"name":"wp","href":"https:\/\/api.w.org\/{rel}","templated":true}]}}