{"id":87905,"date":"2020-09-10T00:43:24","date_gmt":"2020-09-10T03:43:24","guid":{"rendered":"https:\/\/portalv1.com.br\/?p=87905"},"modified":"2020-09-11T17:42:22","modified_gmt":"2020-09-11T20:42:22","slug":"ex-prefeito-de-valenca-walfredo-filho-emite-nota-sobre-operacao-da-gaeco","status":"publish","type":"post","link":"https:\/\/portalv1.com.br\/ex-prefeito-de-valenca-walfredo-filho-emite-nota-sobre-operacao-da-gaeco\/","title":{"rendered":"Ex-prefeito de Valen\u00e7a, Walfredo Filho emite nota sobre opera\u00e7\u00e3o da Gaeco"},"content":{"rendered":"<figure id=\"attachment_85318\" aria-describedby=\"caption-attachment-85318\" style=\"width: 512px\" class=\"wp-caption aligncenter\"><img loading=\"lazy\" decoding=\"async\" class=\"size-full wp-image-85318\" src=\"https:\/\/portalv1.com.br\/app\/wp-content\/uploads\/2020\/03\/WALFREDO-FILHO.jpg\" alt=\"\" width=\"512\" height=\"384\" srcset=\"https:\/\/portalv1.com.br\/app\/wp-content\/uploads\/2020\/03\/WALFREDO-FILHO.jpg 512w, https:\/\/portalv1.com.br\/app\/wp-content\/uploads\/2020\/03\/WALFREDO-FILHO-300x225.jpg 300w\" sizes=\"auto, (max-width: 512px) 100vw, 512px\" \/><figcaption id=\"caption-attachment-85318\" class=\"wp-caption-text\">Ex-prefeito de Valen\u00e7a Walfredo Filho<\/figcaption><\/figure>\n<p>O ex-prefeito de Valen\u00e7a do Piaui, Walfredo Filho enviou uma nota ao Portal V1 nesta quarta-feira (09), informando sobre uma opera\u00e7\u00e3o realizada pelo Grupo de Atua\u00e7\u00e3o Especial de Combate ao Crime Organizado (Gaeco) do Minist\u00e9rio P\u00fablico do Estado e do Tribunal de Contas do Estado (TCE) que realizou a opera\u00e7\u00e3o Cart\u00e3o Vermelho que cumpriu 13 mandados de busca e apreens\u00e3o nas cidades de Amarante, Teresina, Campo Maior e na resid\u00eancia do ex-prefeito aqui em Valen\u00e7a.<\/p>\n<p>O alvo da opera\u00e7\u00e3o \u00e9 o prefeito de Amarante, Diego Teixeira. Ele est\u00e1 sendo investigado, suspeito de participar de um esquema para desviar recursos p\u00fablicos da educa\u00e7\u00e3o e infraestrutura.<\/p>\n<p>Walfredo Filho explicou que seu envolvimento na opera\u00e7\u00e3o aconteceu devido a aquisi\u00e7\u00e3o de uma empresa em 2019.<\/p>\n<p>\u201cNo ano de 2017, bem antes de fazermos parte da mesma, foi feito uma den\u00fancia no munic\u00edpio de Amarante onde o propriet\u00e1rio da Greencard na \u00e9poca estaria com um contrato tamb\u00e9m no mesmo munic\u00edpio como advogado. Com isso gerou uma den\u00fancia por parte de um vereador daquela cidade, onde gerou a referida investiga\u00e7\u00e3o na empresa Greencard na \u00e9poca\u201d explicou.<\/p>\n<p><strong>Veja a nota na integra. <\/strong><\/p>\n<p>Venho atrav\u00e9s desde esclarecer o ocorrido na data de hoje onde pude ver algumas publica\u00e7\u00f5es e postagens a respeito de termos recebido em nossa casa em Valen\u00e7a o Minist\u00e9rio P\u00fablico.<\/p>\n<p>Como em outra oportunidade pude esclarecer e agora ratifico, no m\u00eas de abril do ano de 2019 passamos a fazer parte da Empresa Greencard, tendo a Jane, minha esposa, como s\u00f3cia administrativa, onde durante esse per\u00edodo em que estamos \u00e0 frente da empresa, procuramos sempre atender os requisitos da legalidade e da moralidade, com isso conseguimos ampliar a mesma prestando servi\u00e7os a empresas privadas e continuamos com alguns contratos j\u00e1 existentes.<\/p>\n<p>Referente ao munic\u00edpio de Amarante, informo que quando assumimos a empresa em 2019 o referido munic\u00edpio j\u00e1 n\u00e3o fazia mais parte de nossos clientes, com isso nos pomos a disposi\u00e7\u00e3o do MP e outras institui\u00e7\u00f5es que se fizerem necess\u00e1rias para qualquer esclarecimento. Vale ressaltar que no ano de 2017, bem antes de fazermos parte da mesma, foi feito uma den\u00fancia no munic\u00edpio de Amarante onde o propriet\u00e1rio da Greencard na \u00e9poca estaria com um contrato tamb\u00e9m no mesmo munic\u00edpio como advogado.<\/p>\n<p>Com isso gerou uma den\u00fancia por parte de um vereador daquela cidade, onde gerou a referida investiga\u00e7\u00e3o na empresa Greencard na \u00e9poca. Com isso informo que em nossa gest\u00e3o frente a mesma empresa n\u00e3o h\u00e1 nenhum problema, mais por se tratar da mesma empresa esclareceremos o que nos for solicitado.<\/p>\n","protected":false},"excerpt":{"rendered":"<p>O ex-prefeito de Valen\u00e7a do Piaui, Walfredo Filho enviou uma nota ao Portal V1 nesta quarta-feira (09), informando sobre uma opera\u00e7\u00e3o realizada pelo Grupo de Atua\u00e7\u00e3o Especial de Combate ao&#8230;<\/p>\n","protected":false},"author":1,"featured_media":85318,"comment_status":"open","ping_status":"open","sticky":false,"template":"","format":"standard","meta":{"ngg_post_thumbnail":0,"footnotes":""},"categories":[12],"tags":[],"class_list":["post-87905","post","type-post","status-publish","format-standard","has-post-thumbnail","hentry","category-valenca-news"],"views":1362,"meta_data":{"thumb":"https:\/\/portalv1.com.br\/app\/wp-content\/uploads\/2020\/03\/WALFREDO-FILHO.jpg","imagem":{"fullsize":{"url":"https:\/\/portalv1.com.br\/app\/wp-content\/uploads\/2020\/03\/WALFREDO-FILHO.jpg","width":512,"height":384},"medium":{"url":"https:\/\/portalv1.com.br\/app\/wp-content\/uploads\/2020\/03\/WALFREDO-FILHO-300x225.jpg","width":300,"height":225},"thumbnail":{"url":"https:\/\/portalv1.com.br\/app\/wp-content\/uploads\/2020\/03\/WALFREDO-FILHO-100x100.jpg","width":100,"height":100}},"data":{"simple":"09\/09\/2020","date_time":"09\/09\/2020 21:43:24","date":"h\u00e1 6 anos"},"chapeu":"Veja os detalhes ","source":"foto_menor"},"_links":{"self":[{"href":"https:\/\/portalv1.com.br\/api\/wp\/v2\/posts\/87905","targetHints":{"allow":["GET"]}}],"collection":[{"href":"https:\/\/portalv1.com.br\/api\/wp\/v2\/posts"}],"about":[{"href":"https:\/\/portalv1.com.br\/api\/wp\/v2\/types\/post"}],"author":[{"embeddable":true,"href":"https:\/\/portalv1.com.br\/api\/wp\/v2\/users\/1"}],"replies":[{"embeddable":true,"href":"https:\/\/portalv1.com.br\/api\/wp\/v2\/comments?post=87905"}],"version-history":[{"count":0,"href":"https:\/\/portalv1.com.br\/api\/wp\/v2\/posts\/87905\/revisions"}],"wp:featuredmedia":[{"embeddable":true,"href":"https:\/\/portalv1.com.br\/api\/wp\/v2\/media\/85318"}],"wp:attachment":[{"href":"https:\/\/portalv1.com.br\/api\/wp\/v2\/media?parent=87905"}],"wp:term":[{"taxonomy":"category","embeddable":true,"href":"https:\/\/portalv1.com.br\/api\/wp\/v2\/categories?post=87905"},{"taxonomy":"post_tag","embeddable":true,"href":"https:\/\/portalv1.com.br\/api\/wp\/v2\/tags?post=87905"}],"curies":[{"name":"wp","href":"https:\/\/api.w.org\/{rel}","templated":true}]}}