{"id":8792,"date":"2011-05-30T12:55:11","date_gmt":"2011-05-30T15:55:11","guid":{"rendered":"https:\/\/portalv1.com.br\/?p=8792"},"modified":"2011-05-30T23:35:53","modified_gmt":"2011-05-31T02:35:53","slug":"secretario-walfredo-filho-ira-a-camara-falar-sobre-sua-secretaria","status":"publish","type":"post","link":"https:\/\/portalv1.com.br\/secretario-walfredo-filho-ira-a-camara-falar-sobre-sua-secretaria\/","title":{"rendered":"Secret\u00e1rio Walfredo Filho ir\u00e1 a C\u00e2mara falar sobre sua secretaria"},"content":{"rendered":"<figure id=\"attachment_5622\" aria-describedby=\"caption-attachment-5622\" style=\"width: 300px\" class=\"wp-caption alignright\"><a href=\"https:\/\/portalv1.com.br\/app\/wp-content\/uploads\/2010\/10\/plenario.jpg\"><img loading=\"lazy\" decoding=\"async\" class=\"size-full wp-image-5622\" title=\"plenario\" src=\"https:\/\/portalv1.com.br\/app\/wp-content\/uploads\/2010\/10\/plenario.jpg\" alt=\"\" width=\"300\" height=\"183\" \/><\/a><figcaption id=\"caption-attachment-5622\" class=\"wp-caption-text\">Vereadores no plenario<\/figcaption><\/figure>\n<p>O secret\u00e1rio de sa\u00fade Walfredo Filho ir\u00e1 participar logo mais a noite da Sess\u00e3o Ordin\u00e1ria da C\u00e2mara Municipal. O secret\u00e1rio prestar\u00e1 esclarecimentos a respeito da Secretaria Municipal de Sa\u00fade.<\/p>\n<p>A convoca\u00e7\u00e3o do secret\u00e1rio Walfredo Filho foi pedida pelo vereador Gilmar Barbosa, que pretende ouvir as explica\u00e7\u00f5es do secret\u00e1rio sobre o funcionamento do Centro de Aten\u00e7\u00e3o Psicossocial (CAPS).<\/p>\n<p>Na\u00a0 sess\u00e3o seguinte, o vereador Joaquim Filho aprovou por unanimidade do parlamento outro requerimento pedindo que o secret\u00e1rio de sa\u00fade venha \u00e0 casa prestar esclarecimnentos sobre a secretaria de sa\u00fade e n\u00e3o s\u00f3 sobre o CAPS, assim como aconteceu com o secret\u00e1rio de agricultura Luiz Carlos que falou sobre os programas realizados pela Secretaria de Agricultura. O requerimento do vereador Joaquim Filho foi aprovado no dia 02 de maio.<\/p>\n","protected":false},"excerpt":{"rendered":"<p>O secret\u00e1rio de sa\u00fade Walfredo Filho ir\u00e1 participar logo mais a noite da Sess\u00e3o Ordin\u00e1ria da C\u00e2mara Municipal. O secret\u00e1rio prestar\u00e1 esclarecimentos a respeito da Secretaria Municipal de Sa\u00fade. A&#8230;<\/p>\n","protected":false},"author":1,"featured_media":0,"comment_status":"open","ping_status":"open","sticky":false,"template":"","format":"standard","meta":{"ngg_post_thumbnail":0,"footnotes":""},"categories":[12],"tags":[],"class_list":["post-8792","post","type-post","status-publish","format-standard","hentry","category-valenca-news"],"views":686,"meta_data":{"thumb":"https:\/\/portalv1.com.br\/app\/wp-content\/uploads\/2010\/10\/plenario.jpg","data":{"simple":"30\/05\/2011","date_time":"30\/05\/2011 09:55:11","date":"h\u00e1 15 anos"},"chapeu":"","source":""},"_links":{"self":[{"href":"https:\/\/portalv1.com.br\/api\/wp\/v2\/posts\/8792","targetHints":{"allow":["GET"]}}],"collection":[{"href":"https:\/\/portalv1.com.br\/api\/wp\/v2\/posts"}],"about":[{"href":"https:\/\/portalv1.com.br\/api\/wp\/v2\/types\/post"}],"author":[{"embeddable":true,"href":"https:\/\/portalv1.com.br\/api\/wp\/v2\/users\/1"}],"replies":[{"embeddable":true,"href":"https:\/\/portalv1.com.br\/api\/wp\/v2\/comments?post=8792"}],"version-history":[{"count":0,"href":"https:\/\/portalv1.com.br\/api\/wp\/v2\/posts\/8792\/revisions"}],"wp:attachment":[{"href":"https:\/\/portalv1.com.br\/api\/wp\/v2\/media?parent=8792"}],"wp:term":[{"taxonomy":"category","embeddable":true,"href":"https:\/\/portalv1.com.br\/api\/wp\/v2\/categories?post=8792"},{"taxonomy":"post_tag","embeddable":true,"href":"https:\/\/portalv1.com.br\/api\/wp\/v2\/tags?post=8792"}],"curies":[{"name":"wp","href":"https:\/\/api.w.org\/{rel}","templated":true}]}}