{"id":8819,"date":"2011-05-31T23:56:44","date_gmt":"2011-06-01T02:56:44","guid":{"rendered":"https:\/\/portalv1.com.br\/?p=8819"},"modified":"2011-06-06T15:10:24","modified_gmt":"2011-06-06T18:10:24","slug":"vem-ai-o-1%c2%ba-festival-de-quadrilhas-mirins-de-valenca-veja-o-dia","status":"publish","type":"post","link":"https:\/\/portalv1.com.br\/vem-ai-o-1%c2%ba-festival-de-quadrilhas-mirins-de-valenca-veja-o-dia\/","title":{"rendered":"Vem ai o 1\u00ba Festival de Quadrilhas Mirins de Valen\u00e7a. Veja o dia"},"content":{"rendered":"<figure id=\"attachment_8820\" aria-describedby=\"caption-attachment-8820\" style=\"width: 300px\" class=\"wp-caption alignright\"><a href=\"https:\/\/portalv1.com.br\/app\/wp-content\/uploads\/2011\/05\/quadrilha.jpg\"><img loading=\"lazy\" decoding=\"async\" class=\"size-full wp-image-8820\" title=\"quadrilha\" src=\"https:\/\/portalv1.com.br\/app\/wp-content\/uploads\/2011\/05\/quadrilha.jpg\" alt=\"\" width=\"300\" height=\"183\" \/><\/a><figcaption id=\"caption-attachment-8820\" class=\"wp-caption-text\">dia 25 de junho, no Crovapi Clube <\/figcaption><\/figure>\n<p>Est\u00e1 confirmado para o dia 25 de junho, no Crovapi Clube a realiza\u00e7\u00e3o do 1\u00ba Festival de Quadrilhas Mirins de Valen\u00e7a do Piaui. O evento tem a organiza\u00e7\u00e3o da RBL Produ\u00e7\u00f5es e Eventos (Rar\u00e1).<\/p>\n<p>Ir\u00e3o participar da festan\u00e7a, as escolas dos col\u00e9gios municipais, estaduais e particulares de Valen\u00e7a do Piaui.<\/p>\n<p>A anima\u00e7\u00e3o ficar\u00e1 por conta do Mix do Forr\u00f3 e DJ Jubima\u00b4s. Ser\u00e3o eleitos ainda o rei e a rainha caipira. No evento o publico ir\u00e1 se deliciar ainda com o melhor da nossa culin\u00e1ria.<\/p>\n","protected":false},"excerpt":{"rendered":"<p>Est\u00e1 confirmado para o dia 25 de junho, no Crovapi Clube a realiza\u00e7\u00e3o do 1\u00ba Festival de Quadrilhas Mirins de Valen\u00e7a do Piaui. O evento tem a organiza\u00e7\u00e3o da RBL&#8230;<\/p>\n","protected":false},"author":1,"featured_media":0,"comment_status":"open","ping_status":"open","sticky":false,"template":"","format":"standard","meta":{"ngg_post_thumbnail":0,"footnotes":""},"categories":[245,12],"tags":[],"class_list":["post-8819","post","type-post","status-publish","format-standard","hentry","category-entretenimento","category-valenca-news"],"views":1705,"meta_data":{"thumb":"https:\/\/portalv1.com.br\/app\/wp-content\/uploads\/2011\/05\/quadrilha.jpg","data":{"simple":"31\/05\/2011","date_time":"31\/05\/2011 20:56:44","date":"h\u00e1 15 anos"},"chapeu":"","source":""},"_links":{"self":[{"href":"https:\/\/portalv1.com.br\/api\/wp\/v2\/posts\/8819","targetHints":{"allow":["GET"]}}],"collection":[{"href":"https:\/\/portalv1.com.br\/api\/wp\/v2\/posts"}],"about":[{"href":"https:\/\/portalv1.com.br\/api\/wp\/v2\/types\/post"}],"author":[{"embeddable":true,"href":"https:\/\/portalv1.com.br\/api\/wp\/v2\/users\/1"}],"replies":[{"embeddable":true,"href":"https:\/\/portalv1.com.br\/api\/wp\/v2\/comments?post=8819"}],"version-history":[{"count":0,"href":"https:\/\/portalv1.com.br\/api\/wp\/v2\/posts\/8819\/revisions"}],"wp:attachment":[{"href":"https:\/\/portalv1.com.br\/api\/wp\/v2\/media?parent=8819"}],"wp:term":[{"taxonomy":"category","embeddable":true,"href":"https:\/\/portalv1.com.br\/api\/wp\/v2\/categories?post=8819"},{"taxonomy":"post_tag","embeddable":true,"href":"https:\/\/portalv1.com.br\/api\/wp\/v2\/tags?post=8819"}],"curies":[{"name":"wp","href":"https:\/\/api.w.org\/{rel}","templated":true}]}}