{"id":88228,"date":"2020-09-21T10:12:18","date_gmt":"2020-09-21T13:12:18","guid":{"rendered":"https:\/\/portalv1.com.br\/?p=88228"},"modified":"2020-09-21T10:12:18","modified_gmt":"2020-09-21T13:12:18","slug":"prefeitura-de-pimenteiras-emite-nota-de-pesar","status":"publish","type":"post","link":"https:\/\/portalv1.com.br\/prefeitura-de-pimenteiras-emite-nota-de-pesar\/","title":{"rendered":"Prefeitura de Pimenteiras emite Nota de Pesar"},"content":{"rendered":"<figure id=\"attachment_88229\" aria-describedby=\"caption-attachment-88229\" style=\"width: 640px\" class=\"wp-caption aligncenter\"><img loading=\"lazy\" decoding=\"async\" class=\"size-full wp-image-88229\" src=\"https:\/\/portalv1.com.br\/app\/wp-content\/uploads\/2020\/09\/gg-Copy.jpg\" alt=\"\" width=\"640\" height=\"360\" srcset=\"https:\/\/portalv1.com.br\/app\/wp-content\/uploads\/2020\/09\/gg-Copy.jpg 640w, https:\/\/portalv1.com.br\/app\/wp-content\/uploads\/2020\/09\/gg-Copy-300x169.jpg 300w\" sizes=\"auto, (max-width: 640px) 100vw, 640px\" \/><figcaption id=\"caption-attachment-88229\" class=\"wp-caption-text\">Nota<\/figcaption><\/figure>\n<p>A Prefeitura de Pimenteiras emitiu uma nota de pesar nesta segunda-feira (21), pela morte da jovem Francisca Camila de Sousa, de 25 anos, na comunidade Mesti\u00e7o, na zona rural de Pimenteiras. Camila, que tinha s\u00edndrome de Down, era muito querida na comunidade e seu falecimento deixou a todos em profundo pesar.<\/p>\n<p>\u201c\u00c9 com profundo pesar que a Administra\u00e7\u00e3o Municipal de Pimenteiras recebeu a not\u00edcia do falecimento da nossa querida, Francisca Camila de Sousa, uma pessoa muito especial que conquistou a todos da comunidade Mesti\u00e7o, n\u00e3o s\u00f3 por sua condi\u00e7\u00e3o especial (s\u00edndrome de Down), mas pelos gestos de carinho e amor verdadeiro. Neste momento de luto, o prefeito Venicio do \u00d3 e toda a administra\u00e7\u00e3o p\u00fablica municipal expressam os sentimentos de condol\u00eancia, paz e for\u00e7a aos familiares de nossa amada Camila\u201d.<\/p>\n","protected":false},"excerpt":{"rendered":"<p>A Prefeitura de Pimenteiras emitiu uma nota de pesar nesta segunda-feira (21), pela morte da jovem Francisca Camila de Sousa, de 25 anos, na comunidade Mesti\u00e7o, na zona rural de&#8230;<\/p>\n","protected":false},"author":1,"featured_media":88229,"comment_status":"open","ping_status":"open","sticky":false,"template":"","format":"standard","meta":{"ngg_post_thumbnail":0,"footnotes":""},"categories":[12],"tags":[],"class_list":["post-88228","post","type-post","status-publish","format-standard","has-post-thumbnail","hentry","category-valenca-news"],"views":1519,"meta_data":{"thumb":"https:\/\/portalv1.com.br\/app\/wp-content\/uploads\/2020\/09\/gg-Copy.jpg","imagem":{"fullsize":{"url":"https:\/\/portalv1.com.br\/app\/wp-content\/uploads\/2020\/09\/gg-Copy.jpg","width":640,"height":360},"medium":{"url":"https:\/\/portalv1.com.br\/app\/wp-content\/uploads\/2020\/09\/gg-Copy-300x169.jpg","width":300,"height":169},"thumbnail":{"url":"https:\/\/portalv1.com.br\/app\/wp-content\/uploads\/2020\/09\/gg-Copy-100x100.jpg","width":100,"height":100}},"data":{"simple":"21\/09\/2020","date_time":"21\/09\/2020 07:12:18","date":"h\u00e1 6 anos"},"chapeu":"LUTO","source":"m_destacada"},"_links":{"self":[{"href":"https:\/\/portalv1.com.br\/api\/wp\/v2\/posts\/88228","targetHints":{"allow":["GET"]}}],"collection":[{"href":"https:\/\/portalv1.com.br\/api\/wp\/v2\/posts"}],"about":[{"href":"https:\/\/portalv1.com.br\/api\/wp\/v2\/types\/post"}],"author":[{"embeddable":true,"href":"https:\/\/portalv1.com.br\/api\/wp\/v2\/users\/1"}],"replies":[{"embeddable":true,"href":"https:\/\/portalv1.com.br\/api\/wp\/v2\/comments?post=88228"}],"version-history":[{"count":0,"href":"https:\/\/portalv1.com.br\/api\/wp\/v2\/posts\/88228\/revisions"}],"wp:featuredmedia":[{"embeddable":true,"href":"https:\/\/portalv1.com.br\/api\/wp\/v2\/media\/88229"}],"wp:attachment":[{"href":"https:\/\/portalv1.com.br\/api\/wp\/v2\/media?parent=88228"}],"wp:term":[{"taxonomy":"category","embeddable":true,"href":"https:\/\/portalv1.com.br\/api\/wp\/v2\/categories?post=88228"},{"taxonomy":"post_tag","embeddable":true,"href":"https:\/\/portalv1.com.br\/api\/wp\/v2\/tags?post=88228"}],"curies":[{"name":"wp","href":"https:\/\/api.w.org\/{rel}","templated":true}]}}