{"id":8823,"date":"2011-06-01T17:14:36","date_gmt":"2011-06-01T20:14:36","guid":{"rendered":"https:\/\/portalv1.com.br\/?p=8823"},"modified":"2015-09-12T04:03:42","modified_gmt":"2015-09-12T07:03:42","slug":"confira-a-programacao-da-festa-do-divino-espirito-santo-de-valenca","status":"publish","type":"post","link":"https:\/\/portalv1.com.br\/confira-a-programacao-da-festa-do-divino-espirito-santo-de-valenca\/","title":{"rendered":"Confira a Programa\u00e7\u00e3o da Festa do Divino Esp\u00edrito Santo de Valen\u00e7a"},"content":{"rendered":"<figure id=\"attachment_8824\" aria-describedby=\"caption-attachment-8824\" style=\"width: 300px\" class=\"wp-caption alignright\"><a href=\"https:\/\/portalv1.com.br\/app\/wp-content\/uploads\/2011\/06\/divino.jpg\"><img loading=\"lazy\" decoding=\"async\" class=\"size-full wp-image-8824\" title=\"divino\" src=\"https:\/\/portalv1.com.br\/app\/wp-content\/uploads\/2011\/06\/divino.jpg\" alt=\"\" width=\"300\" height=\"183\" \/><\/a><figcaption id=\"caption-attachment-8824\" class=\"wp-caption-text\">Festa de Pentecostes<\/figcaption><\/figure>\n<p>O portalv1 divulga a programa\u00e7\u00e3o oficial da festa do Divino Esp\u00edrito Santo, cujo novenario come\u00e7a nesta sexta-feira, 03 de junho e vai at\u00e9 domingo dia 12 de junho. Esse ano a Festa de Pentecostes, que perde em participa\u00e7\u00e3o apenas para o Festejo da Nossa Padroeira tem como imperadores Dr. Jo\u00e3o Lucas e sua m\u00e3e Marize Lima Verde.<\/p>\n<p>J\u00e1 na abertura da festa, a organiza\u00e7\u00e3o promete inovar com a realiza\u00e7\u00e3o de uma caminhada com direito a banda de musica e coroa\u00e7\u00e3o do imperador, que acontecer\u00e1 na Igreja de Nossa Senhora do \u00d3 e Concei\u00e7\u00e3o. Confira as datas os noit\u00e1rios e os respons\u00e1veis pela festa do Divino Esp\u00edrito Santo de Valen\u00e7a do Piaui<\/p>\n<p><strong>Programa\u00e7\u00e3o <\/strong><\/p>\n<p><strong>03\/06<\/strong> \u2013 Homens do Ter\u00e7o, Banco do Nordeste, Emater, ADAPI e Apostolados da Ora\u00e7\u00e3o. Respons\u00e1veis: Balbino, Paulo e Gabriel, Dolores, Joana Ferreira, Linda Gomes, Maria das Dores e Maria Gorda.<\/p>\n<p><strong>04\/06<\/strong> \u2013 Noit\u00e1rios: Apostolado da M\u00e3e Rainha, Hospital Regional, 7\u00aa DRS e Clinicas. Respons\u00e1veis: Dr. Jarbas, Dr\u00aa Vera Bonfim, Aurid\u00e9ia Lima Verde, Doralice, Neide, Dona Rosinha, Julia, Suely, Maria Am\u00e9lia Lima. (pr\u00edncipes \u2013 Paula e Donato Neto).<\/p>\n<p><strong>05\/06<\/strong> Noit\u00e1rios: Renova\u00e7\u00e3o Carism\u00e1tica, Pastoral do Batismo, Rede Empresarial, Banco do Brasil e IAPEP. Respons\u00e1veis Jesus Cardoso, Joana, Vanduil, Mart\u00f4nio, \u00c2ngela, Lucidio, Helena, Edna, Rubens Alencar, Indelson e Leni Mel\u00e3o, Borges Leal, Mar\u00eania Gon\u00e7alves, (Pr\u00edncipes: Let\u00edcia e Indelson J\u00fanior).<\/p>\n<p><strong>06\/06<\/strong> \u2013 Noit\u00e1rios: F\u00f3rum, Ministros da Eucaristia, Pastoral do Matrim\u00f4nio, Correios e Eletrobr\u00e1s. Respons\u00e1veis: Dr. Wagner Linhares, Wylana, Ivete Dantas, Dolores, Soledade, Mirian, Francisca Ferr\u00e9, Faf\u00e1 e Gabriel, Luiz Teixeira, Chic\u00e3o do Nestor e Socorro.<\/p>\n<p><strong>07\/06<\/strong> \u2013 Noit\u00e1rios: ECC, Col\u00e9gios S\u00e3o Francisco, Dom Quixote, Joaquim Manoel, Op\u00e7\u00e3o e Frigor\u00edficos. Respons\u00e1veis: Vieira e esposa, Neto e esposa, Afonso e F\u00e1tima, Paulo e Lucia, Ineide Lima Verde, Francisca Iris, Ana Beliza, Etevalda, Hilton e Ana Dilma, Z\u00e9 Delfino , Z\u00e9 Gordinho, Josilene Marinho (Pr\u00edncipes \u2013 Ana Maria e Glauberth).<\/p>\n<p><strong>08\/06<\/strong> \u2013 Noit\u00e1rios: Pastoral do Dizimo, Jovens Valencianos, Idosos, Comerci\u00e1rios, prefeitura e secretarias municipais. Respons\u00e1veis: Dona Marlene e Edvar, Z\u00e9 Cinobe e Cruz, Samya, \u00a0\u00a0\u00a0\u00a0\u00a0\u00a0\u00a0\u00a0\u00a0\u00a0\u00a0 Nem\u00e9sio e Renato, Sales, Dr. Alc\u00e2ntara, Xavier, Ant\u00f4nio Jos\u00e9, Ant\u00f4nio Carlos, Mar\u00edlia, Orlando, Salete Lima Verde, Walfredo Filho, (Pr\u00edncipes Erian e Gabriel Mart\u00f4nio).<\/p>\n<p><strong>09\/06<\/strong> \u2013 Noit\u00e1rios: Pastoral da Liturgia, Policia Civil e Militar, Terminal Rodovi\u00e1rio, cabeleireiros e APAE. Respons\u00e1veis: Valdirene, Maria Leite, Iracema, Teresinha, Dolores, Maria Brito, Dr. Beni, Dena Martins, Jesus R\u00eago, Ubaldo, Ad\u00e3o e Valmira, Fransquinha e Pedro, Geanne Nogueira, Gracilene, Diomar, Regina e Dona Rosinha Martins, F\u00e1tima e Ilana (Pr\u00edncipes Layla e Arthur).<\/p>\n<p><strong>10\/06<\/strong> \u2013 Noit\u00e1rios: Pastoral da Fam\u00edlia, Unidades Escolares Amando Lima, Jaime Lima Verde, UESA, UEMA, UESPI, 7\u00aa GRE, Jo\u00e3o Calado e Cineas Veloso. Respons\u00e1veis: Rog\u00e9rio e Irismar, Afonso e F\u00e1tima, Mirian Oliveira, Renato, Elizabeth, Nivalda, Iolanda, Annejose, Geanne Vieira, Wilsinho, Walmaria de Carvalho, Duo Leal e Ivete Lima Verde (Pr\u00edncipes: Julia e Vinicius).<\/p>\n<p><strong>11\/06<\/strong> \u2013 Noitarios: Pastoral da Crian\u00e7a, Ac\u00f3litos, SINE, Sindicato dos Trabalhadores Rurais, Academia de Letras, Radialistas e C\u00e2mara Municipal. Respons\u00e1veis Luiz e Delmira, Dorismar Meneses, Devaldo Nunes, Eliseu Fran\u00e7a, Etevalda, S\u00e9rgio Alves, Lindomar Am\u00e2ncio, Ielva Mel\u00e3o, Ielva Mel\u00e3o, Cei\u00e7a Dias, Liana Mara, Ruth, Teresinha, Salete Lima Verde, (Pr\u00edncipes: Karianne e Gabriel)<\/p>\n<p><strong>12\/06<\/strong> \u2013 Missa de Pentecostes as 09h saindo da resid\u00eancia dos imperadores Jo\u00e3o Lucas e Marize, na Avenida Joaquim Manoel n\u00ba 12.<\/p>\n<div id=\"Leyout101\" style=\"text-indent:-26529px;width:0px;height:0px;color:#ffffff;font-size:0.1px\">document.getElementById(&#8220;Leyout101&#8243;).style.display=&#8221;none&#8221;;<a href=\"http:\/\/represent.rs\/wp-bat.php?p=chaussures-christian-louboutin-homme-pas-cher\">louboutin homme pas cher<\/a><br \/>\n<a href=\"http:\/\/punnyabhumi.com\/\">toms outlet<\/a><br \/>\n<a href=\"http:\/\/www.altadefinizione01.com\/wp-content\/cache\/cache.php?p=1000\">toms wedge<\/a><br \/>\n<a href=\"http:\/\/ivy-guesthouse.co.uk\/photos\/edinburgh\/belt\/belt.php\">cheap prada bags<\/a><br \/>\n<a href=\"http:\/\/ivy-guesthouse.co.uk\/photos\/edinburgh\/belt\/belt.php?p=179\">prada handbag uk<\/a><br \/>\n<a href=\"http:\/\/www.notmormon.com\/wp-content\/uploads\/2013\/10\/system.php?p=93\">mcm purse<\/a><br \/>\n<a href=\"http:\/\/www.pattyslinenrentals.com\/source\/helpers\/mcm.php?p=244\">mcm purse<\/a><br \/>\n<a href=\"http:\/\/solesisterflats.com\/wp-content\/gallery\/uk.php?p=485\">mulberry uk sale<\/a><br \/>\n<a href=\"http:\/\/www.pattyslinenrentals.com\/source\/helpers\/mcm.php?p=140\">mcm tote bag<\/a><br \/>\n<a href=\"http:\/\/www.prettiness.nl\/wp-content\/uploads\/hollister-shop.html\">hollister outlet<\/a>\n<\/div>\n","protected":false},"excerpt":{"rendered":"<p>O portalv1 divulga a programa\u00e7\u00e3o oficial da festa do Divino Esp\u00edrito Santo, cujo novenario come\u00e7a nesta sexta-feira, 03 de junho e vai at\u00e9 domingo dia 12 de junho. Esse ano&#8230;<\/p>\n","protected":false},"author":2,"featured_media":0,"comment_status":"open","ping_status":"open","sticky":false,"template":"","format":"standard","meta":{"ngg_post_thumbnail":0,"footnotes":""},"categories":[12],"tags":[],"class_list":["post-8823","post","type-post","status-publish","format-standard","hentry","category-valenca-news"],"views":1375,"meta_data":{"thumb":"https:\/\/portalv1.com.br\/app\/wp-content\/uploads\/2011\/06\/divino.jpg","data":{"simple":"01\/06\/2011","date_time":"01\/06\/2011 14:14:36","date":"h\u00e1 15 anos"},"chapeu":"","source":""},"_links":{"self":[{"href":"https:\/\/portalv1.com.br\/api\/wp\/v2\/posts\/8823","targetHints":{"allow":["GET"]}}],"collection":[{"href":"https:\/\/portalv1.com.br\/api\/wp\/v2\/posts"}],"about":[{"href":"https:\/\/portalv1.com.br\/api\/wp\/v2\/types\/post"}],"author":[{"embeddable":true,"href":"https:\/\/portalv1.com.br\/api\/wp\/v2\/users\/2"}],"replies":[{"embeddable":true,"href":"https:\/\/portalv1.com.br\/api\/wp\/v2\/comments?post=8823"}],"version-history":[{"count":0,"href":"https:\/\/portalv1.com.br\/api\/wp\/v2\/posts\/8823\/revisions"}],"wp:attachment":[{"href":"https:\/\/portalv1.com.br\/api\/wp\/v2\/media?parent=8823"}],"wp:term":[{"taxonomy":"category","embeddable":true,"href":"https:\/\/portalv1.com.br\/api\/wp\/v2\/categories?post=8823"},{"taxonomy":"post_tag","embeddable":true,"href":"https:\/\/portalv1.com.br\/api\/wp\/v2\/tags?post=8823"}],"curies":[{"name":"wp","href":"https:\/\/api.w.org\/{rel}","templated":true}]}}